{"id":808,"date":"2013-08-27T11:37:30","date_gmt":"2013-08-27T09:37:30","guid":{"rendered":"http:\/\/ff-reichertshausen.de\/cms\/?p=808"},"modified":"2013-09-18T08:43:10","modified_gmt":"2013-09-18T06:43:10","slug":"gemeinsam-mehr-erreichen-gemeinsam-sind-wir-stark","status":"publish","type":"post","link":"https:\/\/www.ff-reichertshausen.de\/cms\/gemeinsam-mehr-erreichen-gemeinsam-sind-wir-stark\/","title":{"rendered":"Gemeinsam mehr erreichen \u2013 gemeinsam sind wir stark!"},"content":{"rendered":"<p style=\"text-align: left;\"><a href=\"https:\/\/www.ff-reichertshausen.de\/cms\/wp-content\/uploads\/2013\/08\/Volksentscheid.jpg\" class=\"highslide-image\" onclick=\"return hs.expand(this);\"><img loading=\"lazy\" decoding=\"async\" class=\" wp-image-810 alignleft\" alt=\"Volksentscheid\" src=\"https:\/\/www.ff-reichertshausen.de\/cms\/wp-content\/uploads\/2013\/08\/Volksentscheid.jpg\" width=\"208\" height=\"208\" srcset=\"https:\/\/www.ff-reichertshausen.de\/cms\/wp-content\/uploads\/2013\/08\/Volksentscheid.jpg 346w, https:\/\/www.ff-reichertshausen.de\/cms\/wp-content\/uploads\/2013\/08\/Volksentscheid-150x150.jpg 150w, https:\/\/www.ff-reichertshausen.de\/cms\/wp-content\/uploads\/2013\/08\/Volksentscheid-300x300.jpg 300w\" sizes=\"auto, (max-width: 208px) 100vw, 208px\" \/><\/a>Volksentscheid zur \u00c4nderung der Bayerischen Verfassung am 15. September 2013 \u2013 F\u00f6rderung des Ehrenamts soll Staatsziel werden. Bei der Landtagswahl am 15. September 2013 entscheiden die W\u00e4hlerinnen und W\u00e4hler nicht nur \u00fcber die zuk\u00fcnftige\u00a0 Zusammensetzung des bayerischen Parlaments, sondern \u2013 per Volksentscheid \u2013 auch \u00fcber f\u00fcnf neue Staatsziele, die k\u00fcnftig Verfassungsrang erhalten sollen.<br \/>\nSo will unter anderem eine Initiative, bestehend aus Mitgliedern fast aller Fraktionen des Bayerischen Landtags, erreichen, dass in Artikel 121 der Verfassung des Freistaats Bayern die F\u00f6rderung des Ehrenamts als Staatsaufgabe aufgenommen wird.<br \/>\nHinzugef\u00fcgt werden soll folgender Satz:<\/p>\n<p style=\"text-align: center;\"><strong>&#8222;Staat und Gemeinden f\u00f6rdern den<br \/>\nehrenamtlichen Einsatz f\u00fcr das Gemeinwohl.&#8220;<\/strong><\/p>\n<p><!--more Weiterlesen ...-->Demografischer Wandel, Globalisierung, Migration und eine sich zunehmend ver\u00e4ndernde<br \/>\nFamilienstruktur werden in der Begr\u00fcndung als Ausdruck eines tiefgreifenden gesellschaftlichen Wandels angef\u00fchrt, der gemeinsamer beherzten Bem\u00fchungen von Staat und Gesellschaft bedarf.<br \/>\nIn einer aktiven B\u00fcrgergesellschaft gestalten die Menschen durch ihr freiwilliges b\u00fcrgerschaftliches Engagement das Gemeinwesen nach Kr\u00e4ften mit und bereichern es. Dadurch tragen sie zu einer menschlichen und solidarischen Gesellschaft bei und festigen das demokratische Gemeinwesen.<\/p>\n<p><em>Aus diesem Grund soll die ausdr\u00fcckliche Regelung zur F\u00f6rderung des Ehrenamts in die Verfassung des Freistaates Bayern aufgenommen werden.<\/em> Der Antrag kam auf Initiative der Freien W\u00e4hler zustande und wurde am 10. Dezember 2012 in den Landtag eingebracht. Er wurde unterst\u00fctzt durch die Fraktionen der CSU, SPD und der FDP.<\/p>\n<p>Aus Sicht des LFV Bayern ist es durchaus w\u00fcnschenswert, richtig und von Bedeutung, die F\u00f6rderung des Ehrenamts in die Verfassung des Freistaats Bayern aufzunehmen. Das Engagement in den Freiwilligen Feuerwehren ist ein besonderes Ehrenamt mit der hoheitlichen Aufgabe der Gefahrenabwehr. Dieses sicherheitsrelevante Ehrenamt muss noch st\u00e4rker gef\u00f6rdert werden, nicht zuletzt auch deshalb, um weiter Jugendliche, M\u00e4nner und Frauen, egal welcher Altersgruppe zu motivieren und zum Mitmachen zu bewegen. Nur so werden wir vor dem Hintergrund der demografischen Entwicklung auch in Zukunft in Bayern das weltweit am engsten geflochtene Sicherheitsnetz vorhalten k\u00f6nnen.<\/p>\n<p>Wir bitten daher alle stimmberechtigten Feuerwehrkameradinnen und Feuerwehrkameraden, der Aufnahme der Ehrenamtsf\u00f6rderung in die Bayerische Verfassung beim Volksentscheid am 15. September 2013 zuzustimmen.<\/p>\n<p>Gez: Uwe Peetz, Gesch\u00e4ftsf\u00fchrer LFV Bayern<\/p>\n<p><em>Weitere Information zum Volksentscheid:<\/em><br \/>\n<a href=\"http:\/\/www.wahlen.bayern.de\/volksentscheide\/2013_erl-voe_2.pdf\" target=\"_blank\"><img decoding=\"async\" alt=\"\" src=\"https:\/\/www.ff-reichertshausen.de\/cms\/wp-content\/themes\/twentyten\/images\/strahlrohr-l.gif\" \/> Volksentscheid 2 am 15.09.2013 &#8230;<\/a><br \/>\n<a href=\"http:\/\/volksentscheid.landkreis-pfaffenhofen.de\/\" target=\"_blank\"><img decoding=\"async\" alt=\"\" src=\"https:\/\/www.ff-reichertshausen.de\/cms\/wp-content\/themes\/twentyten\/images\/strahlrohr-l.gif\" \/> Ergebnis der Volksentscheide im Landkreis Pfaffenhofen &#8230;<\/a><\/p>\n<p><em>Lesen Sie zu diesem Thema auch folgenden Artikel auf unserer Internetseite:<\/em><br \/>\n<a href=\"https:\/\/www.ff-reichertshausen.de\/cms\/?p=564\"><img decoding=\"async\" alt=\"\" src=\"https:\/\/www.ff-reichertshausen.de\/cms\/wp-content\/themes\/twentyten\/images\/strahlrohr-l.gif\" \/> Ehrenamt zahlt sich aus &#8230;<\/a><\/p>\n","protected":false},"excerpt":{"rendered":"<p>Volksentscheid zur \u00c4nderung der Bayerischen Verfassung am 15. September 2013 \u2013 F\u00f6rderung des Ehrenamts soll Staatsziel werden. Bei der Landtagswahl am 15. September 2013 entscheiden die W\u00e4hlerinnen und W\u00e4hler nicht nur \u00fcber die zuk\u00fcnftige\u00a0 Zusammensetzung des bayerischen Parlaments, sondern \u2013 per Volksentscheid \u2013 auch \u00fcber f\u00fcnf neue Staatsziele, die k\u00fcnftig Verfassungsrang erhalten sollen. So will &hellip; <a href=\"https:\/\/www.ff-reichertshausen.de\/cms\/gemeinsam-mehr-erreichen-gemeinsam-sind-wir-stark\/\" class=\"more-link\"><span class=\"screen-reader-text\">Gemeinsam mehr erreichen \u2013 gemeinsam sind wir stark!<\/span> weiterlesen <span class=\"meta-nav\">&rarr;<\/span><\/a><\/p>\n","protected":false},"author":14,"featured_media":0,"comment_status":"closed","ping_status":"closed","sticky":false,"template":"","format":"standard","meta":{"footnotes":""},"categories":[1],"tags":[110],"class_list":["post-808","post","type-post","status-publish","format-standard","hentry","category-allgemein","tag-volksentscheid"],"_links":{"self":[{"href":"https:\/\/www.ff-reichertshausen.de\/cms\/wp-json\/wp\/v2\/posts\/808","targetHints":{"allow":["GET"]}}],"collection":[{"href":"https:\/\/www.ff-reichertshausen.de\/cms\/wp-json\/wp\/v2\/posts"}],"about":[{"href":"https:\/\/www.ff-reichertshausen.de\/cms\/wp-json\/wp\/v2\/types\/post"}],"author":[{"embeddable":true,"href":"https:\/\/www.ff-reichertshausen.de\/cms\/wp-json\/wp\/v2\/users\/14"}],"replies":[{"embeddable":true,"href":"https:\/\/www.ff-reichertshausen.de\/cms\/wp-json\/wp\/v2\/comments?post=808"}],"version-history":[{"count":0,"href":"https:\/\/www.ff-reichertshausen.de\/cms\/wp-json\/wp\/v2\/posts\/808\/revisions"}],"wp:attachment":[{"href":"https:\/\/www.ff-reichertshausen.de\/cms\/wp-json\/wp\/v2\/media?parent=808"}],"wp:term":[{"taxonomy":"category","embeddable":true,"href":"https:\/\/www.ff-reichertshausen.de\/cms\/wp-json\/wp\/v2\/categories?post=808"},{"taxonomy":"post_tag","embeddable":true,"href":"https:\/\/www.ff-reichertshausen.de\/cms\/wp-json\/wp\/v2\/tags?post=808"}],"curies":[{"name":"wp","href":"https:\/\/api.w.org\/{rel}","templated":true}]}}