{"id":5893,"date":"2025-06-21T11:35:49","date_gmt":"2025-06-21T09:35:49","guid":{"rendered":"https:\/\/www.ff-reichertshausen.de\/cms\/?p=5893"},"modified":"2025-06-21T11:35:50","modified_gmt":"2025-06-21T09:35:50","slug":"fronleichnamsprozession-in-reichertshausen","status":"publish","type":"post","link":"https:\/\/www.ff-reichertshausen.de\/cms\/fronleichnamsprozession-in-reichertshausen\/","title":{"rendered":"Fronleichnamsprozession in Reichertshausen"},"content":{"rendered":"<div class=\"wp-block-image\">\n<figure class=\"aligncenter size-full\"><img loading=\"lazy\" decoding=\"async\" width=\"1066\" height=\"600\" src=\"https:\/\/www.ff-reichertshausen.de\/cms\/wp-content\/uploads\/2025\/06\/2025_fronleihn_01.jpg\" alt=\"\" class=\"wp-image-5894\" srcset=\"https:\/\/www.ff-reichertshausen.de\/cms\/wp-content\/uploads\/2025\/06\/2025_fronleihn_01.jpg 1066w, https:\/\/www.ff-reichertshausen.de\/cms\/wp-content\/uploads\/2025\/06\/2025_fronleihn_01-250x141.jpg 250w, https:\/\/www.ff-reichertshausen.de\/cms\/wp-content\/uploads\/2025\/06\/2025_fronleihn_01-768x432.jpg 768w\" sizes=\"auto, (max-width: 1066px) 100vw, 1066px\" \/><\/figure><\/div>\n\n\n<p>Am 19. Juni durften wir bei strahlendem Sonnenschein gemeinsam mit Vereinen, der Pfarrgemeinde und Mitb\u00fcrgern den Festtag Fronleichnam feiern. Das Fest begann mit einem feierlichen Gottesdienst in der Pfarrkirche St. Stephanus.<\/p>\n\n\n\n<!--more-->\n\n\n<div class=\"wp-block-image\">\n<figure class=\"aligncenter size-full\"><img loading=\"lazy\" decoding=\"async\" width=\"1066\" height=\"600\" src=\"https:\/\/www.ff-reichertshausen.de\/cms\/wp-content\/uploads\/2025\/06\/2025_fronleihn_02.jpg\" alt=\"\" class=\"wp-image-5895\" srcset=\"https:\/\/www.ff-reichertshausen.de\/cms\/wp-content\/uploads\/2025\/06\/2025_fronleihn_02.jpg 1066w, https:\/\/www.ff-reichertshausen.de\/cms\/wp-content\/uploads\/2025\/06\/2025_fronleihn_02-250x141.jpg 250w, https:\/\/www.ff-reichertshausen.de\/cms\/wp-content\/uploads\/2025\/06\/2025_fronleihn_02-768x432.jpg 768w\" sizes=\"auto, (max-width: 1066px) 100vw, 1066px\" \/><\/figure><\/div>\n\n\n<p>Nach dem Gottesdienst fand die traditionelle Prozession durch die Ortsmitte von Reichertshausen statt. Unsere Feuerwehr war dabei mit unserer Fahnenabordnung vertreten, die die Prozession, zusammen mit den Abordnungen der anderen Vereine, w\u00fcrdevoll begleitete. Besonders freut es uns jedes Jahr, das Ehrengeleit zu stellen. Vier unserer Kameradinnen und Kameraden \u00fcbernahmen zudem die Aufgabe der Verkehrsabsicherung, um einen sicheren Ablauf f\u00fcr alle Teilnehmer zu gew\u00e4hrleisten.<\/p>\n\n\n<div class=\"wp-block-image\">\n<figure class=\"aligncenter size-full\"><img loading=\"lazy\" decoding=\"async\" width=\"1066\" height=\"600\" src=\"https:\/\/www.ff-reichertshausen.de\/cms\/wp-content\/uploads\/2025\/06\/2025_fronleihn_03.jpg\" alt=\"\" class=\"wp-image-5896\" srcset=\"https:\/\/www.ff-reichertshausen.de\/cms\/wp-content\/uploads\/2025\/06\/2025_fronleihn_03.jpg 1066w, https:\/\/www.ff-reichertshausen.de\/cms\/wp-content\/uploads\/2025\/06\/2025_fronleihn_03-250x141.jpg 250w, https:\/\/www.ff-reichertshausen.de\/cms\/wp-content\/uploads\/2025\/06\/2025_fronleihn_03-768x432.jpg 768w\" sizes=\"auto, (max-width: 1066px) 100vw, 1066px\" \/><\/figure><\/div>\n\n<div class=\"wp-block-image\">\n<figure class=\"aligncenter size-full\"><img loading=\"lazy\" decoding=\"async\" width=\"1067\" height=\"600\" src=\"https:\/\/www.ff-reichertshausen.de\/cms\/wp-content\/uploads\/2025\/06\/2025_fronleihn_04.jpg\" alt=\"\" class=\"wp-image-5897\" srcset=\"https:\/\/www.ff-reichertshausen.de\/cms\/wp-content\/uploads\/2025\/06\/2025_fronleihn_04.jpg 1067w, https:\/\/www.ff-reichertshausen.de\/cms\/wp-content\/uploads\/2025\/06\/2025_fronleihn_04-250x141.jpg 250w, https:\/\/www.ff-reichertshausen.de\/cms\/wp-content\/uploads\/2025\/06\/2025_fronleihn_04-768x432.jpg 768w\" sizes=\"auto, (max-width: 1067px) 100vw, 1067px\" \/><\/figure><\/div>\n\n<div class=\"wp-block-image\">\n<figure class=\"aligncenter size-full\"><img loading=\"lazy\" decoding=\"async\" width=\"1066\" height=\"600\" src=\"https:\/\/www.ff-reichertshausen.de\/cms\/wp-content\/uploads\/2025\/06\/2025_fronleihn_05.jpg\" alt=\"\" class=\"wp-image-5898\" srcset=\"https:\/\/www.ff-reichertshausen.de\/cms\/wp-content\/uploads\/2025\/06\/2025_fronleihn_05.jpg 1066w, https:\/\/www.ff-reichertshausen.de\/cms\/wp-content\/uploads\/2025\/06\/2025_fronleihn_05-250x141.jpg 250w, https:\/\/www.ff-reichertshausen.de\/cms\/wp-content\/uploads\/2025\/06\/2025_fronleihn_05-768x432.jpg 768w\" sizes=\"auto, (max-width: 1066px) 100vw, 1066px\" \/><\/figure><\/div>\n\n<div class=\"wp-block-image\">\n<figure class=\"aligncenter size-full\"><img loading=\"lazy\" decoding=\"async\" width=\"1067\" height=\"600\" src=\"https:\/\/www.ff-reichertshausen.de\/cms\/wp-content\/uploads\/2025\/06\/2025_fronleihn_06.jpg\" alt=\"\" class=\"wp-image-5899\" srcset=\"https:\/\/www.ff-reichertshausen.de\/cms\/wp-content\/uploads\/2025\/06\/2025_fronleihn_06.jpg 1067w, https:\/\/www.ff-reichertshausen.de\/cms\/wp-content\/uploads\/2025\/06\/2025_fronleihn_06-250x141.jpg 250w, https:\/\/www.ff-reichertshausen.de\/cms\/wp-content\/uploads\/2025\/06\/2025_fronleihn_06-768x432.jpg 768w\" sizes=\"auto, (max-width: 1067px) 100vw, 1067px\" \/><\/figure><\/div>\n\n\n<p>Im Anschluss an die Prozession versammelte sich die Pfarrgemeinde im Pfarrheim, um den Tag bei einer gem\u00fctlichen Brotzeit ausklingen zu lassen.<\/p>\n","protected":false},"excerpt":{"rendered":"<p>Am 19. Juni durften wir bei strahlendem Sonnenschein gemeinsam mit Vereinen, der Pfarrgemeinde und Mitb\u00fcrgern den Festtag Fronleichnam feiern. Das Fest begann mit einem feierlichen Gottesdienst in der Pfarrkirche St. Stephanus.<\/p>\n","protected":false},"author":14,"featured_media":0,"comment_status":"closed","ping_status":"closed","sticky":false,"template":"","format":"standard","meta":{"footnotes":""},"categories":[3,1,4],"tags":[],"class_list":["post-5893","post","type-post","status-publish","format-standard","hentry","category-aktive-feuerwehr","category-allgemein","category-vereinsleben"],"_links":{"self":[{"href":"https:\/\/www.ff-reichertshausen.de\/cms\/wp-json\/wp\/v2\/posts\/5893","targetHints":{"allow":["GET"]}}],"collection":[{"href":"https:\/\/www.ff-reichertshausen.de\/cms\/wp-json\/wp\/v2\/posts"}],"about":[{"href":"https:\/\/www.ff-reichertshausen.de\/cms\/wp-json\/wp\/v2\/types\/post"}],"author":[{"embeddable":true,"href":"https:\/\/www.ff-reichertshausen.de\/cms\/wp-json\/wp\/v2\/users\/14"}],"replies":[{"embeddable":true,"href":"https:\/\/www.ff-reichertshausen.de\/cms\/wp-json\/wp\/v2\/comments?post=5893"}],"version-history":[{"count":1,"href":"https:\/\/www.ff-reichertshausen.de\/cms\/wp-json\/wp\/v2\/posts\/5893\/revisions"}],"predecessor-version":[{"id":5900,"href":"https:\/\/www.ff-reichertshausen.de\/cms\/wp-json\/wp\/v2\/posts\/5893\/revisions\/5900"}],"wp:attachment":[{"href":"https:\/\/www.ff-reichertshausen.de\/cms\/wp-json\/wp\/v2\/media?parent=5893"}],"wp:term":[{"taxonomy":"category","embeddable":true,"href":"https:\/\/www.ff-reichertshausen.de\/cms\/wp-json\/wp\/v2\/categories?post=5893"},{"taxonomy":"post_tag","embeddable":true,"href":"https:\/\/www.ff-reichertshausen.de\/cms\/wp-json\/wp\/v2\/tags?post=5893"}],"curies":[{"name":"wp","href":"https:\/\/api.w.org\/{rel}","templated":true}]}}