{"id":5860,"date":"2025-06-01T08:54:36","date_gmt":"2025-06-01T06:54:36","guid":{"rendered":"https:\/\/www.ff-reichertshausen.de\/cms\/?p=5860"},"modified":"2025-06-01T08:54:37","modified_gmt":"2025-06-01T06:54:37","slug":"auszug-zum-45-reichertshausener-volksfest","status":"publish","type":"post","link":"https:\/\/www.ff-reichertshausen.de\/cms\/auszug-zum-45-reichertshausener-volksfest\/","title":{"rendered":"Auszug zum 45. Reichertshausener Volksfest"},"content":{"rendered":"<div class=\"wp-block-image\">\n<figure class=\"aligncenter size-full\"><img loading=\"lazy\" decoding=\"async\" width=\"1024\" height=\"576\" src=\"https:\/\/www.ff-reichertshausen.de\/cms\/wp-content\/uploads\/2025\/06\/mta2025_vv_05.jpg\" alt=\"\" class=\"wp-image-5861\" srcset=\"https:\/\/www.ff-reichertshausen.de\/cms\/wp-content\/uploads\/2025\/06\/mta2025_vv_05.jpg 1024w, https:\/\/www.ff-reichertshausen.de\/cms\/wp-content\/uploads\/2025\/06\/mta2025_vv_05-250x141.jpg 250w, https:\/\/www.ff-reichertshausen.de\/cms\/wp-content\/uploads\/2025\/06\/mta2025_vv_05-768x432.jpg 768w\" sizes=\"auto, (max-width: 1024px) 100vw, 1024px\" \/><\/figure><\/div>\n\n\n<p>Am Feiertag Christi Himmelfahrt, dem 29. Mai, fand die feierliche Er\u00f6ffnung des 45. Reichertshausener Volksfestes statt. Zahlreiche B\u00fcrgerinnen und B\u00fcrger, Ehreng\u00e4ste sowie die \u00f6rtlichen Vereine mit ihren Fahnenabordnungen versammelten sich am Nachmittag auf dem Rathausplatz.<\/p>\n\n\n<div class=\"wp-block-image\">\n<figure class=\"aligncenter size-full\"><img loading=\"lazy\" decoding=\"async\" width=\"1024\" height=\"576\" src=\"https:\/\/www.ff-reichertshausen.de\/cms\/wp-content\/uploads\/2025\/06\/mta2025_vv_06.jpg\" alt=\"\" class=\"wp-image-5862\" srcset=\"https:\/\/www.ff-reichertshausen.de\/cms\/wp-content\/uploads\/2025\/06\/mta2025_vv_06.jpg 1024w, https:\/\/www.ff-reichertshausen.de\/cms\/wp-content\/uploads\/2025\/06\/mta2025_vv_06-250x141.jpg 250w, https:\/\/www.ff-reichertshausen.de\/cms\/wp-content\/uploads\/2025\/06\/mta2025_vv_06-768x432.jpg 768w\" sizes=\"auto, (max-width: 1024px) 100vw, 1024px\" \/><\/figure><\/div>\n\n<div class=\"wp-block-image\">\n<figure class=\"aligncenter size-full\"><img loading=\"lazy\" decoding=\"async\" width=\"1024\" height=\"576\" src=\"https:\/\/www.ff-reichertshausen.de\/cms\/wp-content\/uploads\/2025\/06\/mta2025_vv_07.jpg\" alt=\"\" class=\"wp-image-5863\" srcset=\"https:\/\/www.ff-reichertshausen.de\/cms\/wp-content\/uploads\/2025\/06\/mta2025_vv_07.jpg 1024w, https:\/\/www.ff-reichertshausen.de\/cms\/wp-content\/uploads\/2025\/06\/mta2025_vv_07-250x141.jpg 250w, https:\/\/www.ff-reichertshausen.de\/cms\/wp-content\/uploads\/2025\/06\/mta2025_vv_07-768x432.jpg 768w\" sizes=\"auto, (max-width: 1024px) 100vw, 1024px\" \/><\/figure><\/div>\n\n<div class=\"wp-block-image\">\n<figure class=\"aligncenter size-full\"><img loading=\"lazy\" decoding=\"async\" width=\"1024\" height=\"576\" src=\"https:\/\/www.ff-reichertshausen.de\/cms\/wp-content\/uploads\/2025\/06\/mta2025_vv_08.jpg\" alt=\"\" class=\"wp-image-5864\" srcset=\"https:\/\/www.ff-reichertshausen.de\/cms\/wp-content\/uploads\/2025\/06\/mta2025_vv_08.jpg 1024w, https:\/\/www.ff-reichertshausen.de\/cms\/wp-content\/uploads\/2025\/06\/mta2025_vv_08-250x141.jpg 250w, https:\/\/www.ff-reichertshausen.de\/cms\/wp-content\/uploads\/2025\/06\/mta2025_vv_08-768x432.jpg 768w\" sizes=\"auto, (max-width: 1024px) 100vw, 1024px\" \/><\/figure><\/div>\n\n\n<p>Begleitet wurde der Auftakt des Volksfestes von einem traditionellen Standkonzert der Blaskapellen aus Reichertshausen und Steinkirchen. H\u00f6hepunkt der Er\u00f6ffnung war, wie jedes Jahr, der Bieranstich mit Freibier, der den offiziellen Beginn des Festes markierte.<\/p>\n\n\n<div class=\"wp-block-image\">\n<figure class=\"aligncenter size-full\"><img loading=\"lazy\" decoding=\"async\" width=\"1024\" height=\"576\" src=\"https:\/\/www.ff-reichertshausen.de\/cms\/wp-content\/uploads\/2025\/06\/mta2025_vv_09.jpg\" alt=\"\" class=\"wp-image-5865\" srcset=\"https:\/\/www.ff-reichertshausen.de\/cms\/wp-content\/uploads\/2025\/06\/mta2025_vv_09.jpg 1024w, https:\/\/www.ff-reichertshausen.de\/cms\/wp-content\/uploads\/2025\/06\/mta2025_vv_09-250x141.jpg 250w, https:\/\/www.ff-reichertshausen.de\/cms\/wp-content\/uploads\/2025\/06\/mta2025_vv_09-768x432.jpg 768w\" sizes=\"auto, (max-width: 1024px) 100vw, 1024px\" \/><\/figure><\/div>\n\n<div class=\"wp-block-image\">\n<figure class=\"aligncenter size-full\"><img loading=\"lazy\" decoding=\"async\" width=\"1024\" height=\"576\" src=\"https:\/\/www.ff-reichertshausen.de\/cms\/wp-content\/uploads\/2025\/06\/mta2025_vv_10.jpg\" alt=\"\" class=\"wp-image-5866\" srcset=\"https:\/\/www.ff-reichertshausen.de\/cms\/wp-content\/uploads\/2025\/06\/mta2025_vv_10.jpg 1024w, https:\/\/www.ff-reichertshausen.de\/cms\/wp-content\/uploads\/2025\/06\/mta2025_vv_10-250x141.jpg 250w, https:\/\/www.ff-reichertshausen.de\/cms\/wp-content\/uploads\/2025\/06\/mta2025_vv_10-768x432.jpg 768w\" sizes=\"auto, (max-width: 1024px) 100vw, 1024px\" \/><\/figure><\/div>\n\n<div class=\"wp-block-image\">\n<figure class=\"aligncenter size-full\"><img loading=\"lazy\" decoding=\"async\" width=\"1024\" height=\"576\" src=\"https:\/\/www.ff-reichertshausen.de\/cms\/wp-content\/uploads\/2025\/06\/mta2025_vv_11.jpg\" alt=\"\" class=\"wp-image-5867\" srcset=\"https:\/\/www.ff-reichertshausen.de\/cms\/wp-content\/uploads\/2025\/06\/mta2025_vv_11.jpg 1024w, https:\/\/www.ff-reichertshausen.de\/cms\/wp-content\/uploads\/2025\/06\/mta2025_vv_11-250x141.jpg 250w, https:\/\/www.ff-reichertshausen.de\/cms\/wp-content\/uploads\/2025\/06\/mta2025_vv_11-768x432.jpg 768w\" sizes=\"auto, (max-width: 1024px) 100vw, 1024px\" \/><\/figure><\/div>\n\n<div class=\"wp-block-image\">\n<figure class=\"aligncenter size-full\"><img loading=\"lazy\" decoding=\"async\" width=\"1024\" height=\"576\" src=\"https:\/\/www.ff-reichertshausen.de\/cms\/wp-content\/uploads\/2025\/06\/mta2025_vv_12.jpg\" alt=\"\" class=\"wp-image-5868\" srcset=\"https:\/\/www.ff-reichertshausen.de\/cms\/wp-content\/uploads\/2025\/06\/mta2025_vv_12.jpg 1024w, https:\/\/www.ff-reichertshausen.de\/cms\/wp-content\/uploads\/2025\/06\/mta2025_vv_12-250x141.jpg 250w, https:\/\/www.ff-reichertshausen.de\/cms\/wp-content\/uploads\/2025\/06\/mta2025_vv_12-768x432.jpg 768w\" sizes=\"auto, (max-width: 1024px) 100vw, 1024px\" \/><\/figure><\/div>\n\n<div class=\"wp-block-image\">\n<figure class=\"aligncenter size-full\"><img loading=\"lazy\" decoding=\"async\" width=\"1024\" height=\"576\" src=\"https:\/\/www.ff-reichertshausen.de\/cms\/wp-content\/uploads\/2025\/06\/mta2025_vv_13.jpg\" alt=\"\" class=\"wp-image-5869\" srcset=\"https:\/\/www.ff-reichertshausen.de\/cms\/wp-content\/uploads\/2025\/06\/mta2025_vv_13.jpg 1024w, https:\/\/www.ff-reichertshausen.de\/cms\/wp-content\/uploads\/2025\/06\/mta2025_vv_13-250x141.jpg 250w, https:\/\/www.ff-reichertshausen.de\/cms\/wp-content\/uploads\/2025\/06\/mta2025_vv_13-768x432.jpg 768w\" sizes=\"auto, (max-width: 1024px) 100vw, 1024px\" \/><\/figure><\/div>\n\n\n<p>Im Anschluss daran setzte sich der Festzug in Richtung Festzelt in Bewegung. Unsere Abordnung aus der Jugendfeuerwehr sowie den aktiven und passiven Feuerwehrlern wurde von unserer Fahne und dem Vereinsvorstand angef\u00fchrt.<br>Zusammen mit Kameraden aus Steinkirchen sicherten wir den Zug mit Gro\u00dffahrzeugen gegen den Verkehr ab. Dies d\u00fcrfte der letzte gemeinsame Einsatz unseres alten LF16-TS und seinem Nachfolger, dem LF20 KatS, gewesen sein.<\/p>\n\n\n<div class=\"wp-block-image\">\n<figure class=\"aligncenter size-full\"><img loading=\"lazy\" decoding=\"async\" width=\"1024\" height=\"576\" src=\"https:\/\/www.ff-reichertshausen.de\/cms\/wp-content\/uploads\/2025\/06\/mta2025_vv_14.jpg\" alt=\"\" class=\"wp-image-5870\" srcset=\"https:\/\/www.ff-reichertshausen.de\/cms\/wp-content\/uploads\/2025\/06\/mta2025_vv_14.jpg 1024w, https:\/\/www.ff-reichertshausen.de\/cms\/wp-content\/uploads\/2025\/06\/mta2025_vv_14-250x141.jpg 250w, https:\/\/www.ff-reichertshausen.de\/cms\/wp-content\/uploads\/2025\/06\/mta2025_vv_14-768x432.jpg 768w\" sizes=\"auto, (max-width: 1024px) 100vw, 1024px\" \/><\/figure><\/div>\n\n<div class=\"wp-block-image\">\n<figure class=\"aligncenter size-full\"><img loading=\"lazy\" decoding=\"async\" width=\"1024\" height=\"576\" src=\"https:\/\/www.ff-reichertshausen.de\/cms\/wp-content\/uploads\/2025\/06\/mta2025_vv_15.jpg\" alt=\"\" class=\"wp-image-5871\" srcset=\"https:\/\/www.ff-reichertshausen.de\/cms\/wp-content\/uploads\/2025\/06\/mta2025_vv_15.jpg 1024w, https:\/\/www.ff-reichertshausen.de\/cms\/wp-content\/uploads\/2025\/06\/mta2025_vv_15-250x141.jpg 250w, https:\/\/www.ff-reichertshausen.de\/cms\/wp-content\/uploads\/2025\/06\/mta2025_vv_15-768x432.jpg 768w\" sizes=\"auto, (max-width: 1024px) 100vw, 1024px\" \/><\/figure><\/div>\n\n\n<p>Im Festzelt klang der Tag in geselliger Runde bei Spezi, Radler, Bier und einem z\u00fcnftigen Essen, meist Hendl oder Schweinshaxe, aus. F\u00fcr unsere Feuerwehr war es eine sch\u00f6ne Gelegenheit, unsere generationen\u00fcbergreifende Gemeinschaft zu pflegen.<\/p>\n\n\n<div class=\"wp-block-image\">\n<figure class=\"aligncenter size-full\"><img loading=\"lazy\" decoding=\"async\" width=\"1024\" height=\"576\" src=\"https:\/\/www.ff-reichertshausen.de\/cms\/wp-content\/uploads\/2025\/06\/mta2025_vv_16.jpg\" alt=\"\" class=\"wp-image-5872\" srcset=\"https:\/\/www.ff-reichertshausen.de\/cms\/wp-content\/uploads\/2025\/06\/mta2025_vv_16.jpg 1024w, https:\/\/www.ff-reichertshausen.de\/cms\/wp-content\/uploads\/2025\/06\/mta2025_vv_16-250x141.jpg 250w, https:\/\/www.ff-reichertshausen.de\/cms\/wp-content\/uploads\/2025\/06\/mta2025_vv_16-768x432.jpg 768w\" sizes=\"auto, (max-width: 1024px) 100vw, 1024px\" \/><\/figure><\/div>","protected":false},"excerpt":{"rendered":"<p>Am Feiertag Christi Himmelfahrt, dem 29. Mai, fand die feierliche Er\u00f6ffnung des 45. Reichertshausener Volksfestes statt. Zahlreiche B\u00fcrgerinnen und B\u00fcrger, Ehreng\u00e4ste sowie die \u00f6rtlichen Vereine mit ihren Fahnenabordnungen versammelten sich am Nachmittag auf dem Rathausplatz. Begleitet wurde der Auftakt des Volksfestes von einem traditionellen Standkonzert der Blaskapellen aus Reichertshausen und Steinkirchen. H\u00f6hepunkt der Er\u00f6ffnung war, &hellip; <a href=\"https:\/\/www.ff-reichertshausen.de\/cms\/auszug-zum-45-reichertshausener-volksfest\/\" class=\"more-link\"><span class=\"screen-reader-text\">Auszug zum 45. Reichertshausener Volksfest<\/span> weiterlesen <span class=\"meta-nav\">&rarr;<\/span><\/a><\/p>\n","protected":false},"author":14,"featured_media":0,"comment_status":"closed","ping_status":"closed","sticky":false,"template":"","format":"standard","meta":{"footnotes":""},"categories":[1,4],"tags":[],"class_list":["post-5860","post","type-post","status-publish","format-standard","hentry","category-allgemein","category-vereinsleben"],"_links":{"self":[{"href":"https:\/\/www.ff-reichertshausen.de\/cms\/wp-json\/wp\/v2\/posts\/5860","targetHints":{"allow":["GET"]}}],"collection":[{"href":"https:\/\/www.ff-reichertshausen.de\/cms\/wp-json\/wp\/v2\/posts"}],"about":[{"href":"https:\/\/www.ff-reichertshausen.de\/cms\/wp-json\/wp\/v2\/types\/post"}],"author":[{"embeddable":true,"href":"https:\/\/www.ff-reichertshausen.de\/cms\/wp-json\/wp\/v2\/users\/14"}],"replies":[{"embeddable":true,"href":"https:\/\/www.ff-reichertshausen.de\/cms\/wp-json\/wp\/v2\/comments?post=5860"}],"version-history":[{"count":1,"href":"https:\/\/www.ff-reichertshausen.de\/cms\/wp-json\/wp\/v2\/posts\/5860\/revisions"}],"predecessor-version":[{"id":5873,"href":"https:\/\/www.ff-reichertshausen.de\/cms\/wp-json\/wp\/v2\/posts\/5860\/revisions\/5873"}],"wp:attachment":[{"href":"https:\/\/www.ff-reichertshausen.de\/cms\/wp-json\/wp\/v2\/media?parent=5860"}],"wp:term":[{"taxonomy":"category","embeddable":true,"href":"https:\/\/www.ff-reichertshausen.de\/cms\/wp-json\/wp\/v2\/categories?post=5860"},{"taxonomy":"post_tag","embeddable":true,"href":"https:\/\/www.ff-reichertshausen.de\/cms\/wp-json\/wp\/v2\/tags?post=5860"}],"curies":[{"name":"wp","href":"https:\/\/api.w.org\/{rel}","templated":true}]}}