{"id":571,"date":"2013-01-06T18:27:14","date_gmt":"2013-01-06T18:27:14","guid":{"rendered":"http:\/\/ff-reichertshausen.de\/cms\/?p=571"},"modified":"2013-02-05T16:42:07","modified_gmt":"2013-02-05T16:42:07","slug":"die-kommandanten-im-amt-bestatigt","status":"publish","type":"post","link":"https:\/\/www.ff-reichertshausen.de\/cms\/die-kommandanten-im-amt-bestatigt\/","title":{"rendered":"Die Kommandanten wurden im Amt best\u00e4tigt"},"content":{"rendered":"<p>Am Sonntag, den 06.01.2013 fand in den R\u00e4umen der Feuerwehr Reichertshausen die\u00a0 allj\u00e4hrliche Jahreshauptversammlung und zeitgleich die Kommandanten-Wahl statt. F\u00fcr weitere sechs Jahre wurden wieder die 1. und 2. bisherigen Kommandanten, Josef-Walter Haun und Martin Profendiner gew\u00e4hlt. Das Wahlergebnis jeweils 27 g\u00fcltige Stimmen und<br \/>\njeweils eine Enthaltung. Gl\u00fcckw\u00fcnsche von 1. B\u00fcrgermeister Reinhard Heinrich, Kreisbrandrat Armin Wiesbeck und dem gesamten Vorstand wurden ausgesprochen.<\/p>\n<p><a href=\"https:\/\/www.ff-reichertshausen.de\/cms\/wp-content\/uploads\/2013\/01\/kommandantenwahl2013.jpg\" class=\"highslide-image\" onclick=\"return hs.expand(this);\"><img loading=\"lazy\" decoding=\"async\" class=\"aligncenter size-large wp-image-581\" alt=\"Kommandantenwahl 2013\" src=\"https:\/\/www.ff-reichertshausen.de\/cms\/wp-content\/uploads\/2013\/01\/kommandantenwahl2013-800x461.jpg\" width=\"640\" height=\"368\" srcset=\"https:\/\/www.ff-reichertshausen.de\/cms\/wp-content\/uploads\/2013\/01\/kommandantenwahl2013-800x461.jpg 800w, https:\/\/www.ff-reichertshausen.de\/cms\/wp-content\/uploads\/2013\/01\/kommandantenwahl2013-300x172.jpg 300w, https:\/\/www.ff-reichertshausen.de\/cms\/wp-content\/uploads\/2013\/01\/kommandantenwahl2013.jpg 949w\" sizes=\"auto, (max-width: 640px) 100vw, 640px\" \/><\/a>v.l. Kreisbrandrat Armin Wiesbeck, Erster B\u00fcrgermeister Reinhard Heinrich,<br \/>\n1. Kommandant Josef Haun jun., 2. Kommandant Martin Profendiner und<br \/>\n1. Vorstand Eberhard Strecker, der durch die Jahreshauptversammlung f\u00fchrte.<\/p>\n<p><!--more Weiterlesen ...-->Zu Anfang der Jahreshauptversammlung stand jedoch wie jedes Jahr ein Besuch der Sternsinger auf dem Programm.<\/p>\n<p><a href=\"https:\/\/www.ff-reichertshausen.de\/cms\/wp-content\/uploads\/2013\/01\/Sternsinger2013.jpg\" class=\"highslide-image\" onclick=\"return hs.expand(this);\"><img loading=\"lazy\" decoding=\"async\" class=\"aligncenter size-full wp-image-573\" alt=\"Sternsinger2013\" src=\"https:\/\/www.ff-reichertshausen.de\/cms\/wp-content\/uploads\/2013\/01\/Sternsinger2013.jpg\" width=\"1024\" height=\"705\" srcset=\"https:\/\/www.ff-reichertshausen.de\/cms\/wp-content\/uploads\/2013\/01\/Sternsinger2013.jpg 1024w, https:\/\/www.ff-reichertshausen.de\/cms\/wp-content\/uploads\/2013\/01\/Sternsinger2013-300x206.jpg 300w, https:\/\/www.ff-reichertshausen.de\/cms\/wp-content\/uploads\/2013\/01\/Sternsinger2013-800x550.jpg 800w\" sizes=\"auto, (max-width: 1024px) 100vw, 1024px\" \/><\/a>neben den j\u00e4hrlichen Berichten wurde in dieser Jahreshauptversammlung auch das geplante Festprogramm vom Vorsitzenden des Festausschusses Benedikt Stuber vorgestellt.<\/p>\n<p><a title=\"125-j\u00e4hriges Gr\u00fcndungsfest\" href=\"https:\/\/www.ff-reichertshausen.de\/cms\/?page_id=413\"><img decoding=\"async\" alt=\"\" src=\"https:\/\/www.ff-reichertshausen.de\/cms\/wp-content\/themes\/twentyten\/images\/strahlrohr-l.gif\" \/> Weitere Informationen zur 125-Jahrfeier auf unseren Seiten &#8230;<\/a><\/p>\n<p><a title=\"\u00dcbungsplan und Terminkalender\" href=\"https:\/\/www.ff-reichertshausen.de\/cms\/?page_id=266\"><img decoding=\"async\" alt=\"\" src=\"https:\/\/www.ff-reichertshausen.de\/cms\/wp-content\/themes\/twentyten\/images\/strahlrohr-l.gif\" \/> Terminkalender f\u00fcr die Feuerwehrveranstaltungen und -\u00fcbungen in 2013<\/a><\/p>\n","protected":false},"excerpt":{"rendered":"<p>Am Sonntag, den 06.01.2013 fand in den R\u00e4umen der Feuerwehr Reichertshausen die\u00a0 allj\u00e4hrliche Jahreshauptversammlung und zeitgleich die Kommandanten-Wahl statt. F\u00fcr weitere sechs Jahre wurden wieder die 1. und 2. bisherigen Kommandanten, Josef-Walter Haun und Martin Profendiner gew\u00e4hlt. Das Wahlergebnis jeweils 27 g\u00fcltige Stimmen und jeweils eine Enthaltung. Gl\u00fcckw\u00fcnsche von 1. B\u00fcrgermeister Reinhard Heinrich, Kreisbrandrat Armin &hellip; <a href=\"https:\/\/www.ff-reichertshausen.de\/cms\/die-kommandanten-im-amt-bestatigt\/\" class=\"more-link\"><span class=\"screen-reader-text\">Die Kommandanten wurden im Amt best\u00e4tigt<\/span> weiterlesen <span class=\"meta-nav\">&rarr;<\/span><\/a><\/p>\n","protected":false},"author":14,"featured_media":0,"comment_status":"closed","ping_status":"closed","sticky":false,"template":"","format":"standard","meta":{"footnotes":""},"categories":[1],"tags":[91,100,93,92,42],"class_list":["post-571","post","type-post","status-publish","format-standard","hentry","category-allgemein","tag-jahreshauptversammlung","tag-jhv","tag-kommandant","tag-mitglieder","tag-vorstand"],"_links":{"self":[{"href":"https:\/\/www.ff-reichertshausen.de\/cms\/wp-json\/wp\/v2\/posts\/571","targetHints":{"allow":["GET"]}}],"collection":[{"href":"https:\/\/www.ff-reichertshausen.de\/cms\/wp-json\/wp\/v2\/posts"}],"about":[{"href":"https:\/\/www.ff-reichertshausen.de\/cms\/wp-json\/wp\/v2\/types\/post"}],"author":[{"embeddable":true,"href":"https:\/\/www.ff-reichertshausen.de\/cms\/wp-json\/wp\/v2\/users\/14"}],"replies":[{"embeddable":true,"href":"https:\/\/www.ff-reichertshausen.de\/cms\/wp-json\/wp\/v2\/comments?post=571"}],"version-history":[{"count":0,"href":"https:\/\/www.ff-reichertshausen.de\/cms\/wp-json\/wp\/v2\/posts\/571\/revisions"}],"wp:attachment":[{"href":"https:\/\/www.ff-reichertshausen.de\/cms\/wp-json\/wp\/v2\/media?parent=571"}],"wp:term":[{"taxonomy":"category","embeddable":true,"href":"https:\/\/www.ff-reichertshausen.de\/cms\/wp-json\/wp\/v2\/categories?post=571"},{"taxonomy":"post_tag","embeddable":true,"href":"https:\/\/www.ff-reichertshausen.de\/cms\/wp-json\/wp\/v2\/tags?post=571"}],"curies":[{"name":"wp","href":"https:\/\/api.w.org\/{rel}","templated":true}]}}