{"id":472,"date":"2012-05-09T20:00:54","date_gmt":"2012-05-09T20:00:54","guid":{"rendered":"http:\/\/ff-reichertshausen.de\/cms\/?p=472"},"modified":"2012-12-01T20:10:51","modified_gmt":"2012-12-01T20:10:51","slug":"70-und-80-geburtstag","status":"publish","type":"post","link":"https:\/\/www.ff-reichertshausen.de\/cms\/70-und-80-geburtstag\/","title":{"rendered":"70. und 80. Geburtstag"},"content":{"rendered":"<p><strong>70. Geburtstag von Ulrich Oberhauser<\/strong> und <strong>80. Geburtstag von Josef Hartl<\/strong><\/p>\n<p><strong><\/strong>Die passiven Mitglieder Ulrich Oberhauser, Elektromeister, feierte im M\u00e4rz seinen 70. und Josef Hartl im Ruhestand im April seinen 80. Geburtstag und das bei bester Gesundheit.<\/p>\n<p>Der Vorstand und die Kommandanten gratulierten pers\u00f6nlich und \u00fcberbrachten die Gl\u00fcckw\u00fcnsche der Feuerwehr und des Vereins.<\/p>\n<p>Auch f\u00fcr die Zukunft wurden weitere gute W\u00fcnsche ausgesprochen.<\/p>\n<p><a href=\"https:\/\/www.ff-reichertshausen.de\/cms\/wp-content\/uploads\/2012\/10\/ulioberhauser70.jpg\" class=\"highslide-image\" onclick=\"return hs.expand(this);\"><img loading=\"lazy\" decoding=\"async\" class=\" wp-image-474 alignright\" title=\"Ulrich Oberhauser\" src=\"https:\/\/www.ff-reichertshausen.de\/cms\/wp-content\/uploads\/2012\/10\/ulioberhauser70-300x235.jpg\" alt=\"Ulrich Oberhauser\" width=\"300\" height=\"235\" srcset=\"https:\/\/www.ff-reichertshausen.de\/cms\/wp-content\/uploads\/2012\/10\/ulioberhauser70-300x235.jpg 300w, https:\/\/www.ff-reichertshausen.de\/cms\/wp-content\/uploads\/2012\/10\/ulioberhauser70.jpg 534w\" sizes=\"auto, (max-width: 300px) 100vw, 300px\" \/><\/a><\/p>\n<p><a href=\"https:\/\/www.ff-reichertshausen.de\/cms\/wp-content\/uploads\/2012\/10\/josefhartl80.jpg\" class=\"highslide-image\" onclick=\"return hs.expand(this);\"><img loading=\"lazy\" decoding=\"async\" class=\"size-medium wp-image-475 alignnone\" title=\"Josef Hartl\" src=\"https:\/\/www.ff-reichertshausen.de\/cms\/wp-content\/uploads\/2012\/10\/josefhartl80-300x223.jpg\" alt=\"Josef Hartl\" width=\"300\" height=\"223\" srcset=\"https:\/\/www.ff-reichertshausen.de\/cms\/wp-content\/uploads\/2012\/10\/josefhartl80-300x223.jpg 300w, https:\/\/www.ff-reichertshausen.de\/cms\/wp-content\/uploads\/2012\/10\/josefhartl80.jpg 532w\" sizes=\"auto, (max-width: 300px) 100vw, 300px\" \/><\/a><\/p>\n","protected":false},"excerpt":{"rendered":"<p>70. Geburtstag von Ulrich Oberhauser und 80. Geburtstag von Josef Hartl Die passiven Mitglieder Ulrich Oberhauser, Elektromeister, feierte im M\u00e4rz seinen 70. und Josef Hartl im Ruhestand im April seinen 80. Geburtstag und das bei bester Gesundheit. Der Vorstand und die Kommandanten gratulierten pers\u00f6nlich und \u00fcberbrachten die Gl\u00fcckw\u00fcnsche der Feuerwehr und des Vereins. Auch f\u00fcr &hellip; <a href=\"https:\/\/www.ff-reichertshausen.de\/cms\/70-und-80-geburtstag\/\" class=\"more-link\"><span class=\"screen-reader-text\">70. und 80. Geburtstag<\/span> weiterlesen <span class=\"meta-nav\">&rarr;<\/span><\/a><\/p>\n","protected":false},"author":14,"featured_media":0,"comment_status":"closed","ping_status":"closed","sticky":false,"template":"","format":"standard","meta":{"footnotes":""},"categories":[4],"tags":[31,23,25,24],"class_list":["post-472","post","type-post","status-publish","format-standard","hentry","category-vereinsleben","tag-70-geburtstag","tag-80-geburtstag","tag-alles-gute","tag-gluckwunsche"],"_links":{"self":[{"href":"https:\/\/www.ff-reichertshausen.de\/cms\/wp-json\/wp\/v2\/posts\/472","targetHints":{"allow":["GET"]}}],"collection":[{"href":"https:\/\/www.ff-reichertshausen.de\/cms\/wp-json\/wp\/v2\/posts"}],"about":[{"href":"https:\/\/www.ff-reichertshausen.de\/cms\/wp-json\/wp\/v2\/types\/post"}],"author":[{"embeddable":true,"href":"https:\/\/www.ff-reichertshausen.de\/cms\/wp-json\/wp\/v2\/users\/14"}],"replies":[{"embeddable":true,"href":"https:\/\/www.ff-reichertshausen.de\/cms\/wp-json\/wp\/v2\/comments?post=472"}],"version-history":[{"count":0,"href":"https:\/\/www.ff-reichertshausen.de\/cms\/wp-json\/wp\/v2\/posts\/472\/revisions"}],"wp:attachment":[{"href":"https:\/\/www.ff-reichertshausen.de\/cms\/wp-json\/wp\/v2\/media?parent=472"}],"wp:term":[{"taxonomy":"category","embeddable":true,"href":"https:\/\/www.ff-reichertshausen.de\/cms\/wp-json\/wp\/v2\/categories?post=472"},{"taxonomy":"post_tag","embeddable":true,"href":"https:\/\/www.ff-reichertshausen.de\/cms\/wp-json\/wp\/v2\/tags?post=472"}],"curies":[{"name":"wp","href":"https:\/\/api.w.org\/{rel}","templated":true}]}}