{"id":470,"date":"2012-09-19T20:00:42","date_gmt":"2012-09-19T20:00:42","guid":{"rendered":"http:\/\/ff-reichertshausen.de\/cms\/?p=470"},"modified":"2012-12-01T20:08:48","modified_gmt":"2012-12-01T20:08:48","slug":"alles-gute-zum-80-geburtstag","status":"publish","type":"post","link":"https:\/\/www.ff-reichertshausen.de\/cms\/alles-gute-zum-80-geburtstag\/","title":{"rendered":"Alles Gute zum 80. Geburtstag!"},"content":{"rendered":"<p><a href=\"https:\/\/www.ff-reichertshausen.de\/cms\/wp-content\/uploads\/2012\/10\/stefanhuber80.jpg\" class=\"highslide-image\" onclick=\"return hs.expand(this);\"><img loading=\"lazy\" decoding=\"async\" class=\"size-medium wp-image-471 alignright\" title=\"Stefan Huber\" src=\"https:\/\/www.ff-reichertshausen.de\/cms\/wp-content\/uploads\/2012\/10\/stefanhuber80-300x242.jpg\" alt=\"Stefan Huber\" width=\"300\" height=\"242\" srcset=\"https:\/\/www.ff-reichertshausen.de\/cms\/wp-content\/uploads\/2012\/10\/stefanhuber80-300x242.jpg 300w, https:\/\/www.ff-reichertshausen.de\/cms\/wp-content\/uploads\/2012\/10\/stefanhuber80.jpg 778w\" sizes=\"auto, (max-width: 300px) 100vw, 300px\" \/><\/a>Am 08.09.2012 feierte Herr Huber Stefan im Kreise der Familie seinen 80. Geburtstag.<br \/>\nDer Vorstand besuchte ihn und \u00fcberbrachte Gl\u00fcckw\u00fcnsche und ein Pr\u00e4sent der Feuerwehr und des Feuerwehr-Vereins.<br \/>\nHerr Huber war ein langj\u00e4hriges aktives und ist jetzt passives Mitglied.<\/p>\n<p>Lieber Stefan bleibe noch lange bei uns und behalte weiter hin Deinen Humor. Das waren die W\u00fcnsche der Kameraden.<\/p>\n","protected":false},"excerpt":{"rendered":"<p>Am 08.09.2012 feierte Herr Huber Stefan im Kreise der Familie seinen 80. Geburtstag. Der Vorstand besuchte ihn und \u00fcberbrachte Gl\u00fcckw\u00fcnsche und ein Pr\u00e4sent der Feuerwehr und des Feuerwehr-Vereins. Herr Huber war ein langj\u00e4hriges aktives und ist jetzt passives Mitglied. Lieber Stefan bleibe noch lange bei uns und behalte weiter hin Deinen Humor. Das waren die &hellip; <a href=\"https:\/\/www.ff-reichertshausen.de\/cms\/alles-gute-zum-80-geburtstag\/\" class=\"more-link\"><span class=\"screen-reader-text\">Alles Gute zum 80. Geburtstag!<\/span> weiterlesen <span class=\"meta-nav\">&rarr;<\/span><\/a><\/p>\n","protected":false},"author":14,"featured_media":0,"comment_status":"closed","ping_status":"closed","sticky":false,"template":"","format":"standard","meta":{"footnotes":""},"categories":[4],"tags":[23,25,24],"class_list":["post-470","post","type-post","status-publish","format-standard","hentry","category-vereinsleben","tag-80-geburtstag","tag-alles-gute","tag-gluckwunsche"],"_links":{"self":[{"href":"https:\/\/www.ff-reichertshausen.de\/cms\/wp-json\/wp\/v2\/posts\/470","targetHints":{"allow":["GET"]}}],"collection":[{"href":"https:\/\/www.ff-reichertshausen.de\/cms\/wp-json\/wp\/v2\/posts"}],"about":[{"href":"https:\/\/www.ff-reichertshausen.de\/cms\/wp-json\/wp\/v2\/types\/post"}],"author":[{"embeddable":true,"href":"https:\/\/www.ff-reichertshausen.de\/cms\/wp-json\/wp\/v2\/users\/14"}],"replies":[{"embeddable":true,"href":"https:\/\/www.ff-reichertshausen.de\/cms\/wp-json\/wp\/v2\/comments?post=470"}],"version-history":[{"count":0,"href":"https:\/\/www.ff-reichertshausen.de\/cms\/wp-json\/wp\/v2\/posts\/470\/revisions"}],"wp:attachment":[{"href":"https:\/\/www.ff-reichertshausen.de\/cms\/wp-json\/wp\/v2\/media?parent=470"}],"wp:term":[{"taxonomy":"category","embeddable":true,"href":"https:\/\/www.ff-reichertshausen.de\/cms\/wp-json\/wp\/v2\/categories?post=470"},{"taxonomy":"post_tag","embeddable":true,"href":"https:\/\/www.ff-reichertshausen.de\/cms\/wp-json\/wp\/v2\/tags?post=470"}],"curies":[{"name":"wp","href":"https:\/\/api.w.org\/{rel}","templated":true}]}}