{"id":4425,"date":"2023-03-04T22:04:26","date_gmt":"2023-03-04T21:04:26","guid":{"rendered":"https:\/\/www.ff-reichertshausen.de\/cms\/?p=4425"},"modified":"2023-03-04T22:04:28","modified_gmt":"2023-03-04T21:04:28","slug":"ich-und-mein-holz","status":"publish","type":"post","link":"https:\/\/www.ff-reichertshausen.de\/cms\/ich-und-mein-holz\/","title":{"rendered":"Ich und mein Holz"},"content":{"rendered":"\n<p>Wie in jedem Winter stand auch am 28. Februar die j\u00e4hrliche Unterweisung f\u00fcr unsere Motors\u00e4genmaschinisten auf dem Programm.<\/p>\n\n\n\n<p>Unser neuer Fachbereichsleiter f\u00fcr Motors\u00e4gen, Josef Haun, nahm diese zum Anlass, unser Wissen aus der Motors\u00e4genausbildung auf breiter Basis aufzufrischen.<\/p>\n\n\n\n<figure class=\"wp-block-image size-large\"><img loading=\"lazy\" decoding=\"async\" width=\"850\" height=\"674\" src=\"https:\/\/www.ff-reichertshausen.de\/cms\/wp-content\/uploads\/2023\/03\/20230228_195042a.jpg\" alt=\"\" class=\"wp-image-4426\" srcset=\"https:\/\/www.ff-reichertshausen.de\/cms\/wp-content\/uploads\/2023\/03\/20230228_195042a.jpg 850w, https:\/\/www.ff-reichertshausen.de\/cms\/wp-content\/uploads\/2023\/03\/20230228_195042a-768x609.jpg 768w\" sizes=\"auto, (max-width: 850px) 100vw, 850px\" \/><\/figure>\n\n\n\n<p>Neben der Wiederholung der Einsatzgrunds\u00e4tze standen auch eine technische Einweisung in die Motors\u00e4gen, eine Erl\u00e4uterung der verschiedenen Schnitttechniken und deren praktische Umsetzung auf dem Programm.<\/p>\n\n\n\n<figure class=\"wp-block-image size-large\"><img loading=\"lazy\" decoding=\"async\" width=\"850\" height=\"675\" src=\"https:\/\/www.ff-reichertshausen.de\/cms\/wp-content\/uploads\/2023\/03\/20230228_202223a-850x675.jpg\" alt=\"\" class=\"wp-image-4427\"\/><\/figure>\n\n\n\n<p>Abgerundet wurde die Einweisung durch eine Erl\u00e4uterung zur Schutzwirkung von Schnittschutzhosen und deren Grenzen.<\/p>\n\n\n\n<p>Vielen Dank an Josef f\u00fcr die informative und abwechslungsreiche Schulung!<\/p>\n\n\n","protected":false},"excerpt":{"rendered":"<p>Wie in jedem Winter stand auch am 28. Februar die j\u00e4hrliche Unterweisung f\u00fcr unsere Motors\u00e4genmaschinisten auf dem Programm. Unser neuer Fachbereichsleiter f\u00fcr Motors\u00e4gen, Josef Haun, nahm diese zum Anlass, unser Wissen aus der Motors\u00e4genausbildung auf breiter Basis aufzufrischen. Neben der Wiederholung der Einsatzgrunds\u00e4tze standen auch eine technische Einweisung in die Motors\u00e4gen, eine Erl\u00e4uterung der verschiedenen &hellip; <a href=\"https:\/\/www.ff-reichertshausen.de\/cms\/ich-und-mein-holz\/\" class=\"more-link\"><span class=\"screen-reader-text\">Ich und mein Holz<\/span> weiterlesen <span class=\"meta-nav\">&rarr;<\/span><\/a><\/p>\n","protected":false},"author":39,"featured_media":0,"comment_status":"closed","ping_status":"closed","sticky":false,"template":"","format":"standard","meta":{"footnotes":""},"categories":[3],"tags":[],"class_list":["post-4425","post","type-post","status-publish","format-standard","hentry","category-aktive-feuerwehr"],"_links":{"self":[{"href":"https:\/\/www.ff-reichertshausen.de\/cms\/wp-json\/wp\/v2\/posts\/4425","targetHints":{"allow":["GET"]}}],"collection":[{"href":"https:\/\/www.ff-reichertshausen.de\/cms\/wp-json\/wp\/v2\/posts"}],"about":[{"href":"https:\/\/www.ff-reichertshausen.de\/cms\/wp-json\/wp\/v2\/types\/post"}],"author":[{"embeddable":true,"href":"https:\/\/www.ff-reichertshausen.de\/cms\/wp-json\/wp\/v2\/users\/39"}],"replies":[{"embeddable":true,"href":"https:\/\/www.ff-reichertshausen.de\/cms\/wp-json\/wp\/v2\/comments?post=4425"}],"version-history":[{"count":0,"href":"https:\/\/www.ff-reichertshausen.de\/cms\/wp-json\/wp\/v2\/posts\/4425\/revisions"}],"wp:attachment":[{"href":"https:\/\/www.ff-reichertshausen.de\/cms\/wp-json\/wp\/v2\/media?parent=4425"}],"wp:term":[{"taxonomy":"category","embeddable":true,"href":"https:\/\/www.ff-reichertshausen.de\/cms\/wp-json\/wp\/v2\/categories?post=4425"},{"taxonomy":"post_tag","embeddable":true,"href":"https:\/\/www.ff-reichertshausen.de\/cms\/wp-json\/wp\/v2\/tags?post=4425"}],"curies":[{"name":"wp","href":"https:\/\/api.w.org\/{rel}","templated":true}]}}