{"id":4410,"date":"2023-02-22T21:31:52","date_gmt":"2023-02-22T20:31:52","guid":{"rendered":"https:\/\/www.ff-reichertshausen.de\/cms\/?p=4410"},"modified":"2023-02-22T21:31:54","modified_gmt":"2023-02-22T20:31:54","slug":"winterzeit-schulungszeit","status":"publish","type":"post","link":"https:\/\/www.ff-reichertshausen.de\/cms\/winterzeit-schulungszeit\/","title":{"rendered":"Winterzeit &#8211; Schulungszeit"},"content":{"rendered":"\n<p>W\u00e4hrend zu anderen Jahreszeiten praktische \u00dcbungen den Schwerpunkt unseres \u00dcbungsgeschehens bilden, stehen in den Wintermonaten regelm\u00e4\u00dfig auch theoretische Schulungen auf dem Programm.<\/p>\n\n\n\n<figure class=\"wp-block-image size-large\"><img loading=\"lazy\" decoding=\"async\" width=\"849\" height=\"663\" src=\"https:\/\/www.ff-reichertshausen.de\/cms\/wp-content\/uploads\/2023\/02\/20230221_195246-Kopie.jpg\" alt=\"\" class=\"wp-image-4412\" srcset=\"https:\/\/www.ff-reichertshausen.de\/cms\/wp-content\/uploads\/2023\/02\/20230221_195246-Kopie.jpg 849w, https:\/\/www.ff-reichertshausen.de\/cms\/wp-content\/uploads\/2023\/02\/20230221_195246-Kopie-768x600.jpg 768w\" sizes=\"auto, (max-width: 849px) 100vw, 849px\" \/><figcaption>K\u00f6rperschutz Form 2<\/figcaption><\/figure>\n\n\n\n<p>So befassten wir uns im Rahmen unserer Zug\u00fcbung am 7. Februar mit dem richtigen Vorgehen bei ABC-(Gefahrstoff-)Eins\u00e4tzen. In den anschlie\u00dfenden \u00dcbungen unserer beiden \u00dcbungsgruppen am 14. und 21. Februar hatten wir die Gelegenheit, das bei der Schulung erlernte in die Praxis umzusetzen.<\/p>\n\n\n\n<p>So stand das Anlegen eines Schutzanzugs \u201eK\u00f6rperschutz Form 2\u201c f\u00fcr unsere Atemschutzger\u00e4tetr\u00e4ger, das richtige Abdichten leck geschlagener Beh\u00e4lter und das Einrichten von Dekontaminationspl\u00e4tzen auf dem Programm.<\/p>\n","protected":false},"excerpt":{"rendered":"<p>W\u00e4hrend zu anderen Jahreszeiten praktische \u00dcbungen den Schwerpunkt unseres \u00dcbungsgeschehens bilden, stehen in den Wintermonaten regelm\u00e4\u00dfig auch theoretische Schulungen auf dem Programm. So befassten wir uns im Rahmen unserer Zug\u00fcbung am 7. Februar mit dem richtigen Vorgehen bei ABC-(Gefahrstoff-)Eins\u00e4tzen. In den anschlie\u00dfenden \u00dcbungen unserer beiden \u00dcbungsgruppen am 14. und 21. Februar hatten wir die Gelegenheit, &hellip; <a href=\"https:\/\/www.ff-reichertshausen.de\/cms\/winterzeit-schulungszeit\/\" class=\"more-link\"><span class=\"screen-reader-text\">Winterzeit &#8211; Schulungszeit<\/span> weiterlesen <span class=\"meta-nav\">&rarr;<\/span><\/a><\/p>\n","protected":false},"author":39,"featured_media":0,"comment_status":"closed","ping_status":"closed","sticky":false,"template":"","format":"standard","meta":{"footnotes":""},"categories":[3],"tags":[],"class_list":["post-4410","post","type-post","status-publish","format-standard","hentry","category-aktive-feuerwehr"],"_links":{"self":[{"href":"https:\/\/www.ff-reichertshausen.de\/cms\/wp-json\/wp\/v2\/posts\/4410","targetHints":{"allow":["GET"]}}],"collection":[{"href":"https:\/\/www.ff-reichertshausen.de\/cms\/wp-json\/wp\/v2\/posts"}],"about":[{"href":"https:\/\/www.ff-reichertshausen.de\/cms\/wp-json\/wp\/v2\/types\/post"}],"author":[{"embeddable":true,"href":"https:\/\/www.ff-reichertshausen.de\/cms\/wp-json\/wp\/v2\/users\/39"}],"replies":[{"embeddable":true,"href":"https:\/\/www.ff-reichertshausen.de\/cms\/wp-json\/wp\/v2\/comments?post=4410"}],"version-history":[{"count":0,"href":"https:\/\/www.ff-reichertshausen.de\/cms\/wp-json\/wp\/v2\/posts\/4410\/revisions"}],"wp:attachment":[{"href":"https:\/\/www.ff-reichertshausen.de\/cms\/wp-json\/wp\/v2\/media?parent=4410"}],"wp:term":[{"taxonomy":"category","embeddable":true,"href":"https:\/\/www.ff-reichertshausen.de\/cms\/wp-json\/wp\/v2\/categories?post=4410"},{"taxonomy":"post_tag","embeddable":true,"href":"https:\/\/www.ff-reichertshausen.de\/cms\/wp-json\/wp\/v2\/tags?post=4410"}],"curies":[{"name":"wp","href":"https:\/\/api.w.org\/{rel}","templated":true}]}}