{"id":4389,"date":"2023-01-08T21:51:52","date_gmt":"2023-01-08T20:51:52","guid":{"rendered":"https:\/\/www.ff-reichertshausen.de\/cms\/?p=4389"},"modified":"2023-01-08T21:51:54","modified_gmt":"2023-01-08T20:51:54","slug":"jahreshauptversammlung-2","status":"publish","type":"post","link":"https:\/\/www.ff-reichertshausen.de\/cms\/jahreshauptversammlung-2\/","title":{"rendered":"Jahreshauptversammlung"},"content":{"rendered":"\n<figure class=\"wp-block-image size-large is-resized\"><img loading=\"lazy\" decoding=\"async\" src=\"https:\/\/www.ff-reichertshausen.de\/cms\/wp-content\/uploads\/2023\/01\/Bild_01.jpg\" alt=\"\" class=\"wp-image-4390\" width=\"506\" height=\"284\" srcset=\"https:\/\/www.ff-reichertshausen.de\/cms\/wp-content\/uploads\/2023\/01\/Bild_01.jpg 850w, https:\/\/www.ff-reichertshausen.de\/cms\/wp-content\/uploads\/2023\/01\/Bild_01-250x141.jpg 250w, https:\/\/www.ff-reichertshausen.de\/cms\/wp-content\/uploads\/2023\/01\/Bild_01-768x432.jpg 768w\" sizes=\"auto, (max-width: 506px) 100vw, 506px\" \/><figcaption>Die Teilnehmer der Jahreshauptversammlung.<\/figcaption><\/figure>\n\n\n\n<p>Nach Jahren mit Absagen und\/oder Verschiebungen durfte unser erster Vorsitzender Hans-J\u00fcrgen Wei\u00df wieder traditionell am Heiligdreik\u00f6nigstag, dem 6. Januar, 46 Mitglieder aus der Jugend, der aktiven und der passiven Feuerwehr zur Jahreshauptversammlung begr\u00fc\u00dfen.<\/p>\n\n\n\n<!--more-->\n\n\n\n<figure class=\"wp-block-image size-large\"><img loading=\"lazy\" decoding=\"async\" width=\"850\" height=\"478\" src=\"https:\/\/www.ff-reichertshausen.de\/cms\/wp-content\/uploads\/2023\/01\/Bild_02.jpg\" alt=\"\" class=\"wp-image-4391\" srcset=\"https:\/\/www.ff-reichertshausen.de\/cms\/wp-content\/uploads\/2023\/01\/Bild_02.jpg 850w, https:\/\/www.ff-reichertshausen.de\/cms\/wp-content\/uploads\/2023\/01\/Bild_02-250x141.jpg 250w, https:\/\/www.ff-reichertshausen.de\/cms\/wp-content\/uploads\/2023\/01\/Bild_02-768x432.jpg 768w\" sizes=\"auto, (max-width: 850px) 100vw, 850px\" \/><figcaption>Die Heiligen Drei K\u00f6nige segnen das Feuerwehrger\u00e4tehaus.<\/figcaption><\/figure>\n\n\n\n<p>Nachdem die Heiligen Drei K\u00f6nige unser Ger\u00e4tehaus gesegnet haben, berichtete Hans-J\u00fcrgen Wei\u00df aus dem Vereinsjahr 2022. In diesem Jahr konnten, zumindest ab Mai, die Veranstaltungen des Feuerwehrvereins wie gewohnt stattfinden. Zu erw\u00e4hnen sind hier u.a. das Familienfest, das Ferienprogramm, die Weihnachtfeier aber auch die Teilnahme mit Fahnenabordnungen unter anderem an der Fronleichnamsprozession oder dem 125-j\u00e4hrigem Gr\u00fcndungsfest der Feuerwehr Steinkirchen.<\/p>\n\n\n\n<figure class=\"wp-block-image size-large\"><img loading=\"lazy\" decoding=\"async\" width=\"850\" height=\"478\" src=\"https:\/\/www.ff-reichertshausen.de\/cms\/wp-content\/uploads\/2023\/01\/Bild_03.jpg\" alt=\"\" class=\"wp-image-4392\" srcset=\"https:\/\/www.ff-reichertshausen.de\/cms\/wp-content\/uploads\/2023\/01\/Bild_03.jpg 850w, https:\/\/www.ff-reichertshausen.de\/cms\/wp-content\/uploads\/2023\/01\/Bild_03-250x141.jpg 250w, https:\/\/www.ff-reichertshausen.de\/cms\/wp-content\/uploads\/2023\/01\/Bild_03-768x432.jpg 768w\" sizes=\"auto, (max-width: 850px) 100vw, 850px\" \/><figcaption>Hans-J\u00fcrgen Wei\u00df, 1. Vorstand, er\u00f6ffnet die Jahreshauptversammlung.<\/figcaption><\/figure>\n\n\n\n<p>Anschlie\u00dfend berichtete Josef Haun, 1. Kommandant, dass die Feuerwehr Reichertshausen 2022 zu 32 Eins\u00e4tzen gerufen wurde. Hierbei wurde von den 44 Aktiven, davon 24 Atemschutzger\u00e4tetr\u00e4gern, ein breites Spektrum von Einsatzaufgaben abverlangt. Dies waren z.B. Br\u00e4nde im Gemeindebereich, aber auch \u00fcber\u00f6rtlich, technischen Hilfeleistungen z.B. nach Verkehrsunf\u00e4llen oder Sturmsch\u00e4den sowie medizinische Notf\u00e4lle. Hier wurden 409 Stunden abgeleistet.<\/p>\n\n\n\n<figure class=\"wp-block-image size-large\"><img loading=\"lazy\" decoding=\"async\" width=\"850\" height=\"478\" src=\"https:\/\/www.ff-reichertshausen.de\/cms\/wp-content\/uploads\/2023\/01\/Bild_04.jpg\" alt=\"\" class=\"wp-image-4393\" srcset=\"https:\/\/www.ff-reichertshausen.de\/cms\/wp-content\/uploads\/2023\/01\/Bild_04.jpg 850w, https:\/\/www.ff-reichertshausen.de\/cms\/wp-content\/uploads\/2023\/01\/Bild_04-250x141.jpg 250w, https:\/\/www.ff-reichertshausen.de\/cms\/wp-content\/uploads\/2023\/01\/Bild_04-768x432.jpg 768w\" sizes=\"auto, (max-width: 850px) 100vw, 850px\" \/><figcaption>1. Kommandant Josef Haun berichtet aus der aktiven Feuerwehr.<\/figcaption><\/figure>\n\n\n\n<p>Im Rahmen der Ausbildung wurden 59 \u00dcbungen am Standort angeboten. Die sind neben allgemeinen \u00dcbungen f\u00fcr alle Feuerwehrdienstleistenden auch spezielle \u00dcbungen f\u00fcr z.B. Atemschutzger\u00e4tetr\u00e4ger, Sanit\u00e4ter, F\u00fchrungsassistenten oder Kettens\u00e4gef\u00fchrer. Diese \u00dcbungen wurden entweder in Gesamtst\u00e4rke oder in Kleingruppen durchgef\u00fchrt. Weiterhin nahmen Kameraden an Lehrg\u00e4ngen, die durch die Kreisbrandinspektion Pfaffenhofen an der Kreisausbildungsstelle angeboten werden, teil. Hier wurden unter anderem zwei Atemschutzger\u00e4tetr\u00e4ger und zweit F\u00fchrungsassistenten neu ausgebildet. Dieses Lehrgangsangebot der Kreisbrandinspektion unterst\u00fctzen wir mit 5 Ausbildern und der zur Verf\u00fcgungstellung von Ger\u00e4t und unserem Feuerwehrger\u00e4tehaus. Weitere Kammeraden haben Lehrg\u00e4nge an den bayrischen staatlichen Feuerwehrschulen in Regensburg, W\u00fcrzburg oder Geretsried z.B. zum Gruppenf\u00fchrer besucht.<\/p>\n\n\n\n<figure class=\"wp-block-image size-large\"><img loading=\"lazy\" decoding=\"async\" width=\"850\" height=\"478\" src=\"https:\/\/www.ff-reichertshausen.de\/cms\/wp-content\/uploads\/2023\/01\/Bild_10.jpg\" alt=\"\" class=\"wp-image-4395\" srcset=\"https:\/\/www.ff-reichertshausen.de\/cms\/wp-content\/uploads\/2023\/01\/Bild_10.jpg 850w, https:\/\/www.ff-reichertshausen.de\/cms\/wp-content\/uploads\/2023\/01\/Bild_10-250x141.jpg 250w, https:\/\/www.ff-reichertshausen.de\/cms\/wp-content\/uploads\/2023\/01\/Bild_10-768x432.jpg 768w\" sizes=\"auto, (max-width: 850px) 100vw, 850px\" \/><\/figure>\n\n\n\n<p>F\u00fcr 7 Kameraden wurde 2022 am Standort ein Abschlusslehrgang zur Modularen Trupp Ausbildung durchgef\u00fchrt. Sie k\u00f6nnen jetzt als Truppf\u00fchrer einen Zweiertrupp im Einsatz f\u00fchren.<\/p>\n\n\n\n<figure class=\"wp-block-image size-large\"><img loading=\"lazy\" decoding=\"async\" width=\"850\" height=\"478\" src=\"https:\/\/www.ff-reichertshausen.de\/cms\/wp-content\/uploads\/2023\/01\/Bild_09.jpg\" alt=\"\" class=\"wp-image-4394\" srcset=\"https:\/\/www.ff-reichertshausen.de\/cms\/wp-content\/uploads\/2023\/01\/Bild_09.jpg 850w, https:\/\/www.ff-reichertshausen.de\/cms\/wp-content\/uploads\/2023\/01\/Bild_09-250x141.jpg 250w, https:\/\/www.ff-reichertshausen.de\/cms\/wp-content\/uploads\/2023\/01\/Bild_09-768x432.jpg 768w\" sizes=\"auto, (max-width: 850px) 100vw, 850px\" \/><figcaption>Jugendwart Vinzent Ernstberger pr\u00e4sentiert den Stand der Jugendfeuerwehr.<\/figcaption><\/figure>\n\n\n\n<p>Unser Jugendwart Vinzent Ernstberger konnte berichten, dass die Jugendgruppe zurzeit aus 16 Jugendlichen besteht. In der Jugendfeuerwehr wird unser Nachwuchs im Alter von 12 \u2013 17 Jahren kontinuierlich auf den Eisatzdienst vorbereitet. Dazu wurden durch unsere 3 Jugendwarte 2022 16 \u00dcbungen angeboten.<\/p>\n\n\n\n<figure class=\"wp-block-image size-large\"><img loading=\"lazy\" decoding=\"async\" width=\"850\" height=\"478\" src=\"https:\/\/www.ff-reichertshausen.de\/cms\/wp-content\/uploads\/2023\/01\/Bild_11.jpg\" alt=\"\" class=\"wp-image-4396\" srcset=\"https:\/\/www.ff-reichertshausen.de\/cms\/wp-content\/uploads\/2023\/01\/Bild_11.jpg 850w, https:\/\/www.ff-reichertshausen.de\/cms\/wp-content\/uploads\/2023\/01\/Bild_11-250x141.jpg 250w, https:\/\/www.ff-reichertshausen.de\/cms\/wp-content\/uploads\/2023\/01\/Bild_11-768x432.jpg 768w\" sizes=\"auto, (max-width: 850px) 100vw, 850px\" \/><figcaption>Kreisbrandinspektor Benedikt Stuber stellt die neuen Umf\u00e4nge der Kreisausbildung vor.<\/figcaption><\/figure>\n\n\n\n<p>Kreisbrandinspektor Benedikt Stuber berichtete in erster Linie aus dem bestehendem und k\u00fcnftigen Lehrgangsangebot der Kreisbrandinspektion Pfaffenhofen. Neben den bekannten Lehrg\u00e4ngen wird es ab 2023 spezielle Lehrg\u00e4nge f\u00fcr F\u00fchrungskr\u00e4fte und zur Rettung von Personen aus verunfallten LKWs geben. F\u00fcr letzteres wurde seitens des Landkreises spezielles Ger\u00e4t eine sogenannter \u201eTruck-Rescue-Trainer\u201c beschafft. Weiterhin bedankte er sich bei den Ausbildern der Feuerwehr Reichertshausen, die durch ihre T\u00e4tigkeit in der Kreisausbildungsstelle die verschiedenen Lehrgangsformate unterst\u00fctzen.<\/p>\n\n\n\n<figure class=\"wp-block-image size-large\"><img loading=\"lazy\" decoding=\"async\" width=\"850\" height=\"478\" src=\"https:\/\/www.ff-reichertshausen.de\/cms\/wp-content\/uploads\/2023\/01\/Bild_12.jpg\" alt=\"\" class=\"wp-image-4397\" srcset=\"https:\/\/www.ff-reichertshausen.de\/cms\/wp-content\/uploads\/2023\/01\/Bild_12.jpg 850w, https:\/\/www.ff-reichertshausen.de\/cms\/wp-content\/uploads\/2023\/01\/Bild_12-250x141.jpg 250w, https:\/\/www.ff-reichertshausen.de\/cms\/wp-content\/uploads\/2023\/01\/Bild_12-768x432.jpg 768w\" sizes=\"auto, (max-width: 850px) 100vw, 850px\" \/><figcaption>Benjamin Bertram-Pfister, 3. B\u00fcrgermeister der Gemeinde Reichertshausen, \u00fcbermittelt den Dank der Gemeinde.<\/figcaption><\/figure>\n\n\n\n<p>Seitens der Gemeinde verfolgte der 3. B\u00fcrgermeister Benjamin Bertram-Pfister die Jahreshauptversammlung. In seinem Redebeitrag bedankte er sich bei allen Aktiven f\u00fcr das hohe Engagement bei \u00dcbungen und die st\u00e4ndige Eisatzbereitschaft. Weiterhin stellte er die Vielzahl an Einsatzoptionen der Feuerwehr als \u201e\u00e4lteste B\u00fcrgerinitiative\u201c heraus.<\/p>\n","protected":false},"excerpt":{"rendered":"<p>Nach Jahren mit Absagen und\/oder Verschiebungen durfte unser erster Vorsitzender Hans-J\u00fcrgen Wei\u00df wieder traditionell am Heiligdreik\u00f6nigstag, dem 6. Januar, 46 Mitglieder aus der Jugend, der aktiven und der passiven Feuerwehr zur Jahreshauptversammlung begr\u00fc\u00dfen.<\/p>\n","protected":false},"author":39,"featured_media":0,"comment_status":"closed","ping_status":"closed","sticky":false,"template":"","format":"standard","meta":{"footnotes":""},"categories":[3,4],"tags":[],"class_list":["post-4389","post","type-post","status-publish","format-standard","hentry","category-aktive-feuerwehr","category-vereinsleben"],"_links":{"self":[{"href":"https:\/\/www.ff-reichertshausen.de\/cms\/wp-json\/wp\/v2\/posts\/4389","targetHints":{"allow":["GET"]}}],"collection":[{"href":"https:\/\/www.ff-reichertshausen.de\/cms\/wp-json\/wp\/v2\/posts"}],"about":[{"href":"https:\/\/www.ff-reichertshausen.de\/cms\/wp-json\/wp\/v2\/types\/post"}],"author":[{"embeddable":true,"href":"https:\/\/www.ff-reichertshausen.de\/cms\/wp-json\/wp\/v2\/users\/39"}],"replies":[{"embeddable":true,"href":"https:\/\/www.ff-reichertshausen.de\/cms\/wp-json\/wp\/v2\/comments?post=4389"}],"version-history":[{"count":1,"href":"https:\/\/www.ff-reichertshausen.de\/cms\/wp-json\/wp\/v2\/posts\/4389\/revisions"}],"predecessor-version":[{"id":5011,"href":"https:\/\/www.ff-reichertshausen.de\/cms\/wp-json\/wp\/v2\/posts\/4389\/revisions\/5011"}],"wp:attachment":[{"href":"https:\/\/www.ff-reichertshausen.de\/cms\/wp-json\/wp\/v2\/media?parent=4389"}],"wp:term":[{"taxonomy":"category","embeddable":true,"href":"https:\/\/www.ff-reichertshausen.de\/cms\/wp-json\/wp\/v2\/categories?post=4389"},{"taxonomy":"post_tag","embeddable":true,"href":"https:\/\/www.ff-reichertshausen.de\/cms\/wp-json\/wp\/v2\/tags?post=4389"}],"curies":[{"name":"wp","href":"https:\/\/api.w.org\/{rel}","templated":true}]}}