{"id":4231,"date":"2022-09-14T22:14:35","date_gmt":"2022-09-14T20:14:35","guid":{"rendered":"https:\/\/www.ff-reichertshausen.de\/cms\/?p=4231"},"modified":"2022-09-14T22:14:38","modified_gmt":"2022-09-14T20:14:38","slug":"abnahme-der-auszeichnung-kinderflamme","status":"publish","type":"post","link":"https:\/\/www.ff-reichertshausen.de\/cms\/abnahme-der-auszeichnung-kinderflamme\/","title":{"rendered":"Abnahme der Auszeichnung \u201aKinderflamme\u2018"},"content":{"rendered":"\n<p>Ende Juli war es so weit: Am letzten Schultag wurden die Kinder der Kinderfeuerwehr Reichertshausen nochmals richtig gefordert. In den Monaten zuvor hatten sie sich flei\u00dfig und gewissenhaft auf die Pr\u00fcfung zur Kinderflamme vorbereitet. Die \u201aKinderflamme\u2018 ist eine Auszeichnung f\u00fcr M\u00e4dchen und Buben der Kinderfeuerwehr, die f\u00fcr ihren weiteren aktiven Einsatz motiviert und mit der sie ihre erlernten F\u00e4higkeiten in drei Altersklassen auf die Probe stellen: Die hellblaue Kinderflamme ist f\u00fcr Kinder zwischen 6 und 7 Jahren, die orange f\u00fcr Kinder zwischen 8 und 9 Jahren und das dunkelblaue Abzeichen ist f\u00fcr Kinder ab 10 Jahren.<\/p>\n\n\n\n<figure class=\"wp-block-image size-large\"><img loading=\"lazy\" decoding=\"async\" width=\"850\" height=\"638\" src=\"https:\/\/www.ff-reichertshausen.de\/cms\/wp-content\/uploads\/2022\/09\/IMG_5360.jpg\" alt=\"\" class=\"wp-image-4232\" srcset=\"https:\/\/www.ff-reichertshausen.de\/cms\/wp-content\/uploads\/2022\/09\/IMG_5360.jpg 850w, https:\/\/www.ff-reichertshausen.de\/cms\/wp-content\/uploads\/2022\/09\/IMG_5360-768x576.jpg 768w\" sizes=\"auto, (max-width: 850px) 100vw, 850px\" \/><\/figure>\n\n\n\n<!--more-->\n\n\n\n<p>Die Pr\u00fcfungsthemen f\u00fcr das Abzeichen kamen aus dem Bereich der Brandschutzerziehung, der Ersten Hilfe und in Form einer Teamaufgabe. Die Kinder erledigten ihre Auftr\u00e4ge hoch konzentriert, insbesondere war die Wundversorgung und die stabile Seitenlage absolut sicher. Auch die Unterscheidung von \u201agutem und schlechtem\u2018 Feuer gelang problemfrei. Zum Abschluss meisterten sie auch die schriftliche Pr\u00fcfungsfragen mit hoher Punktzahl. <\/p>\n\n\n\n<figure class=\"wp-block-image size-large\"><img loading=\"lazy\" decoding=\"async\" width=\"850\" height=\"537\" src=\"https:\/\/www.ff-reichertshausen.de\/cms\/wp-content\/uploads\/2022\/09\/image-20222907-205811q.jpg\" alt=\"\" class=\"wp-image-4233\" srcset=\"https:\/\/www.ff-reichertshausen.de\/cms\/wp-content\/uploads\/2022\/09\/image-20222907-205811q.jpg 850w, https:\/\/www.ff-reichertshausen.de\/cms\/wp-content\/uploads\/2022\/09\/image-20222907-205811q-768x485.jpg 768w\" sizes=\"auto, (max-width: 850px) 100vw, 850px\" \/><\/figure>\n\n\n\n<p>Martin Profendiner, 2. Kommandant, \u00fcberreichte mit gro\u00dfer Freude die Abzeichen an die Kinder, die stolz auf ihre Leistungen und ihren Ausbildungsnachweis waren. Nach der Verleihung gab es Pizza und Getr\u00e4nke, danach gingen f\u00fcr die Kinder die Sommerferien richtig los.<\/p>\n\n\n\n<figure class=\"wp-block-image size-large\"><img loading=\"lazy\" decoding=\"async\" width=\"850\" height=\"638\" src=\"https:\/\/www.ff-reichertshausen.de\/cms\/wp-content\/uploads\/2022\/09\/image-20222907-205812-0-1.jpg\" alt=\"\" class=\"wp-image-4235\" srcset=\"https:\/\/www.ff-reichertshausen.de\/cms\/wp-content\/uploads\/2022\/09\/image-20222907-205812-0-1.jpg 850w, https:\/\/www.ff-reichertshausen.de\/cms\/wp-content\/uploads\/2022\/09\/image-20222907-205812-0-1-768x576.jpg 768w\" sizes=\"auto, (max-width: 850px) 100vw, 850px\" \/><\/figure>\n","protected":false},"excerpt":{"rendered":"<p>Ende Juli war es so weit: Am letzten Schultag wurden die Kinder der Kinderfeuerwehr Reichertshausen nochmals richtig gefordert. In den Monaten zuvor hatten sie sich flei\u00dfig und gewissenhaft auf die Pr\u00fcfung zur Kinderflamme vorbereitet. Die \u201aKinderflamme\u2018 ist eine Auszeichnung f\u00fcr M\u00e4dchen und Buben der Kinderfeuerwehr, die f\u00fcr ihren weiteren aktiven Einsatz motiviert und mit der &hellip; <a href=\"https:\/\/www.ff-reichertshausen.de\/cms\/abnahme-der-auszeichnung-kinderflamme\/\" class=\"more-link\"><span class=\"screen-reader-text\">Abnahme der Auszeichnung \u201aKinderflamme\u2018<\/span> weiterlesen <span class=\"meta-nav\">&rarr;<\/span><\/a><\/p>\n","protected":false},"author":39,"featured_media":0,"comment_status":"closed","ping_status":"closed","sticky":false,"template":"","format":"standard","meta":{"footnotes":""},"categories":[3],"tags":[],"class_list":["post-4231","post","type-post","status-publish","format-standard","hentry","category-aktive-feuerwehr"],"_links":{"self":[{"href":"https:\/\/www.ff-reichertshausen.de\/cms\/wp-json\/wp\/v2\/posts\/4231","targetHints":{"allow":["GET"]}}],"collection":[{"href":"https:\/\/www.ff-reichertshausen.de\/cms\/wp-json\/wp\/v2\/posts"}],"about":[{"href":"https:\/\/www.ff-reichertshausen.de\/cms\/wp-json\/wp\/v2\/types\/post"}],"author":[{"embeddable":true,"href":"https:\/\/www.ff-reichertshausen.de\/cms\/wp-json\/wp\/v2\/users\/39"}],"replies":[{"embeddable":true,"href":"https:\/\/www.ff-reichertshausen.de\/cms\/wp-json\/wp\/v2\/comments?post=4231"}],"version-history":[{"count":0,"href":"https:\/\/www.ff-reichertshausen.de\/cms\/wp-json\/wp\/v2\/posts\/4231\/revisions"}],"wp:attachment":[{"href":"https:\/\/www.ff-reichertshausen.de\/cms\/wp-json\/wp\/v2\/media?parent=4231"}],"wp:term":[{"taxonomy":"category","embeddable":true,"href":"https:\/\/www.ff-reichertshausen.de\/cms\/wp-json\/wp\/v2\/categories?post=4231"},{"taxonomy":"post_tag","embeddable":true,"href":"https:\/\/www.ff-reichertshausen.de\/cms\/wp-json\/wp\/v2\/tags?post=4231"}],"curies":[{"name":"wp","href":"https:\/\/api.w.org\/{rel}","templated":true}]}}