{"id":2154,"date":"2017-07-17T07:10:40","date_gmt":"2017-07-17T05:10:40","guid":{"rendered":"https:\/\/www.ff-reichertshausen.de\/cms\/?p=2154"},"modified":"2017-07-29T07:28:26","modified_gmt":"2017-07-29T05:28:26","slug":"vereinsausflug-ins-karwendel","status":"publish","type":"post","link":"https:\/\/www.ff-reichertshausen.de\/cms\/vereinsausflug-ins-karwendel\/","title":{"rendered":"Vereinsausflug ins Karwendel"},"content":{"rendered":"<p><a href=\"https:\/\/www.ff-reichertshausen.de\/cms\/wp-content\/uploads\/2017\/07\/MG_6313.jpg\" class=\"highslide-image\" onclick=\"return hs.expand(this);\"><img loading=\"lazy\" decoding=\"async\" class=\"aligncenter size-medium wp-image-2160\" src=\"https:\/\/www.ff-reichertshausen.de\/cms\/wp-content\/uploads\/2017\/07\/MG_6313-850x478.jpg\" alt=\"\" width=\"850\" height=\"478\" srcset=\"https:\/\/www.ff-reichertshausen.de\/cms\/wp-content\/uploads\/2017\/07\/MG_6313-850x478.jpg 850w, https:\/\/www.ff-reichertshausen.de\/cms\/wp-content\/uploads\/2017\/07\/MG_6313-250x141.jpg 250w, https:\/\/www.ff-reichertshausen.de\/cms\/wp-content\/uploads\/2017\/07\/MG_6313-1200x675.jpg 1200w\" sizes=\"auto, (max-width: 850px) 100vw, 850px\" \/><\/a>Am 16. Juli f\u00fchrte uns unser diesj\u00e4hriger Vereinsausflug zu einer Wanderung ins Karwendel. <!--more--><\/p>\n<p><a href=\"https:\/\/www.ff-reichertshausen.de\/cms\/wp-content\/uploads\/2017\/07\/MG_6511.jpg\" class=\"highslide-image\" onclick=\"return hs.expand(this);\"><img loading=\"lazy\" decoding=\"async\" class=\"aligncenter size-medium wp-image-2159\" src=\"https:\/\/www.ff-reichertshausen.de\/cms\/wp-content\/uploads\/2017\/07\/MG_6511-850x478.jpg\" alt=\"\" width=\"850\" height=\"478\" srcset=\"https:\/\/www.ff-reichertshausen.de\/cms\/wp-content\/uploads\/2017\/07\/MG_6511-850x478.jpg 850w, https:\/\/www.ff-reichertshausen.de\/cms\/wp-content\/uploads\/2017\/07\/MG_6511-250x141.jpg 250w, https:\/\/www.ff-reichertshausen.de\/cms\/wp-content\/uploads\/2017\/07\/MG_6511-1200x675.jpg 1200w\" sizes=\"auto, (max-width: 850px) 100vw, 850px\" \/><\/a>Wir trafen uns eine halbe Stunde nach Sonnenaufgang am Feuerwehrger\u00e4tehaus und fuhren \u00fcber Bad T\u00f6lz, am Sylvensteinstausee vorbei, die Isar und den Ri\u00dfbach entlang durch den gro\u00dfen Ahornboden in die Eng.<\/p>\n<p><a href=\"https:\/\/www.ff-reichertshausen.de\/cms\/wp-content\/uploads\/2017\/07\/MG_6365.jpg\" class=\"highslide-image\" onclick=\"return hs.expand(this);\"><img loading=\"lazy\" decoding=\"async\" class=\"aligncenter size-medium wp-image-2158\" src=\"https:\/\/www.ff-reichertshausen.de\/cms\/wp-content\/uploads\/2017\/07\/MG_6365-850x478.jpg\" alt=\"\" width=\"850\" height=\"478\" srcset=\"https:\/\/www.ff-reichertshausen.de\/cms\/wp-content\/uploads\/2017\/07\/MG_6365-850x478.jpg 850w, https:\/\/www.ff-reichertshausen.de\/cms\/wp-content\/uploads\/2017\/07\/MG_6365-250x141.jpg 250w, https:\/\/www.ff-reichertshausen.de\/cms\/wp-content\/uploads\/2017\/07\/MG_6365-1200x675.jpg 1200w\" sizes=\"auto, (max-width: 850px) 100vw, 850px\" \/><\/a>Von dort wanderten wir bei sommerlichen Wetter durch die Engalm, wo sich die Ersten traditionell mit frischer Buttermilch st\u00e4rkten Richtung Binsalm. Diese lie\u00dfen wir zuerst einmal links liegen, um dem Pfad weiter Richtung westlichem Lamsenjoch zu folgen. Dort angekommen konnten wir unser Ziel, die Lamsenjochh\u00fctte , die am Fu\u00dfe der Lamsenspitze liegt schon erblicken.<\/p>\n<p><a href=\"https:\/\/www.ff-reichertshausen.de\/cms\/wp-content\/uploads\/2017\/07\/MG_6381.jpg\" class=\"highslide-image\" onclick=\"return hs.expand(this);\"><img loading=\"lazy\" decoding=\"async\" class=\"aligncenter size-medium wp-image-2157\" src=\"https:\/\/www.ff-reichertshausen.de\/cms\/wp-content\/uploads\/2017\/07\/MG_6381-850x478.jpg\" alt=\"\" width=\"850\" height=\"478\" srcset=\"https:\/\/www.ff-reichertshausen.de\/cms\/wp-content\/uploads\/2017\/07\/MG_6381-850x478.jpg 850w, https:\/\/www.ff-reichertshausen.de\/cms\/wp-content\/uploads\/2017\/07\/MG_6381-250x141.jpg 250w, https:\/\/www.ff-reichertshausen.de\/cms\/wp-content\/uploads\/2017\/07\/MG_6381-1200x675.jpg 1200w\" sizes=\"auto, (max-width: 850px) 100vw, 850px\" \/><\/a>Greade rechtzeitig zu Beginn der Mittagszeit eingetroffen, st\u00e4rkten wir uns in der Lamsenjochh\u00fctte mit Tiroler Spezialit\u00e4ten bevor wir uns auf den R\u00fcckweg ins Ri\u00dftal machten.<\/p>\n<p><a href=\"https:\/\/www.ff-reichertshausen.de\/cms\/wp-content\/uploads\/2017\/07\/MG_6372.jpg\" class=\"highslide-image\" onclick=\"return hs.expand(this);\"><img loading=\"lazy\" decoding=\"async\" class=\"aligncenter size-medium wp-image-2161\" src=\"https:\/\/www.ff-reichertshausen.de\/cms\/wp-content\/uploads\/2017\/07\/MG_6372-850x478.jpg\" alt=\"\" width=\"850\" height=\"478\" srcset=\"https:\/\/www.ff-reichertshausen.de\/cms\/wp-content\/uploads\/2017\/07\/MG_6372-850x478.jpg 850w, https:\/\/www.ff-reichertshausen.de\/cms\/wp-content\/uploads\/2017\/07\/MG_6372-250x141.jpg 250w, https:\/\/www.ff-reichertshausen.de\/cms\/wp-content\/uploads\/2017\/07\/MG_6372-1200x675.jpg 1200w\" sizes=\"auto, (max-width: 850px) 100vw, 850px\" \/><\/a>Wieder an der der Binsalm angekommen, gab es bei einer kurzen Rast Kaffee und Kuchen, bevor es zur\u00fcck \u00fcber Wiesen an der Engalm vorbei zu den Fahrzeugen ging.<\/p>\n<p><a href=\"https:\/\/www.ff-reichertshausen.de\/cms\/wp-content\/uploads\/2017\/07\/MG_6339.jpg\" class=\"highslide-image\" onclick=\"return hs.expand(this);\"><img loading=\"lazy\" decoding=\"async\" class=\"aligncenter size-medium wp-image-2163\" src=\"https:\/\/www.ff-reichertshausen.de\/cms\/wp-content\/uploads\/2017\/07\/MG_6339-850x478.jpg\" alt=\"\" width=\"850\" height=\"478\" srcset=\"https:\/\/www.ff-reichertshausen.de\/cms\/wp-content\/uploads\/2017\/07\/MG_6339-850x478.jpg 850w, https:\/\/www.ff-reichertshausen.de\/cms\/wp-content\/uploads\/2017\/07\/MG_6339-250x141.jpg 250w, https:\/\/www.ff-reichertshausen.de\/cms\/wp-content\/uploads\/2017\/07\/MG_6339-1200x675.jpg 1200w\" sizes=\"auto, (max-width: 850px) 100vw, 850px\" \/><\/a> <a href=\"https:\/\/www.ff-reichertshausen.de\/cms\/wp-content\/uploads\/2017\/07\/MG_6462.jpg\" class=\"highslide-image\" onclick=\"return hs.expand(this);\"><img loading=\"lazy\" decoding=\"async\" class=\"aligncenter size-medium wp-image-2164\" src=\"https:\/\/www.ff-reichertshausen.de\/cms\/wp-content\/uploads\/2017\/07\/MG_6462-850x478.jpg\" alt=\"\" width=\"850\" height=\"478\" srcset=\"https:\/\/www.ff-reichertshausen.de\/cms\/wp-content\/uploads\/2017\/07\/MG_6462-850x478.jpg 850w, https:\/\/www.ff-reichertshausen.de\/cms\/wp-content\/uploads\/2017\/07\/MG_6462-250x141.jpg 250w, https:\/\/www.ff-reichertshausen.de\/cms\/wp-content\/uploads\/2017\/07\/MG_6462-1200x675.jpg 1200w\" sizes=\"auto, (max-width: 850px) 100vw, 850px\" \/><\/a><\/p>\n","protected":false},"excerpt":{"rendered":"<p>Am 16. Juli f\u00fchrte uns unser diesj\u00e4hriger Vereinsausflug zu einer Wanderung ins Karwendel.<\/p>\n","protected":false},"author":14,"featured_media":0,"comment_status":"closed","ping_status":"closed","sticky":false,"template":"","format":"standard","meta":{"footnotes":""},"categories":[4],"tags":[],"class_list":["post-2154","post","type-post","status-publish","format-standard","hentry","category-vereinsleben"],"_links":{"self":[{"href":"https:\/\/www.ff-reichertshausen.de\/cms\/wp-json\/wp\/v2\/posts\/2154","targetHints":{"allow":["GET"]}}],"collection":[{"href":"https:\/\/www.ff-reichertshausen.de\/cms\/wp-json\/wp\/v2\/posts"}],"about":[{"href":"https:\/\/www.ff-reichertshausen.de\/cms\/wp-json\/wp\/v2\/types\/post"}],"author":[{"embeddable":true,"href":"https:\/\/www.ff-reichertshausen.de\/cms\/wp-json\/wp\/v2\/users\/14"}],"replies":[{"embeddable":true,"href":"https:\/\/www.ff-reichertshausen.de\/cms\/wp-json\/wp\/v2\/comments?post=2154"}],"version-history":[{"count":0,"href":"https:\/\/www.ff-reichertshausen.de\/cms\/wp-json\/wp\/v2\/posts\/2154\/revisions"}],"wp:attachment":[{"href":"https:\/\/www.ff-reichertshausen.de\/cms\/wp-json\/wp\/v2\/media?parent=2154"}],"wp:term":[{"taxonomy":"category","embeddable":true,"href":"https:\/\/www.ff-reichertshausen.de\/cms\/wp-json\/wp\/v2\/categories?post=2154"},{"taxonomy":"post_tag","embeddable":true,"href":"https:\/\/www.ff-reichertshausen.de\/cms\/wp-json\/wp\/v2\/tags?post=2154"}],"curies":[{"name":"wp","href":"https:\/\/api.w.org\/{rel}","templated":true}]}}